{"id":237,"date":"2009-05-05T10:59:59","date_gmt":"2009-05-05T08:59:59","guid":{"rendered":"http:\/\/www.amokfisch.de\/blog\/?p=237"},"modified":"2009-08-18T17:08:20","modified_gmt":"2009-08-18T15:08:20","slug":"biographie","status":"publish","type":"post","link":"https:\/\/www.amokfisch.de\/blog\/?p=237","title":{"rendered":"Biographie"},"content":{"rendered":"<p class=\"western\">Biographie<\/p>\n<p>Geboren an einem Sonntag am 6. August 1967 in der Charlottenklinik in Stuttgart. Als Kind anderthalb Jahre in Neapel und zwei Jahre in Rio de Janeiro. Aufgewachsen in Grunbach im Remstal. Grundschule in Grunbach, Abitur mit 2,0 1987 am Remstalgymnasium in Benzach (Weinstadt). Leistungskurse Mathematik und Franz\u00f6sisch, Grundkurs Physik (3. Pr\u00fcfungsfach) und Religion (m\u00fcndlich).<\/p>\n<p class=\"western\">Studium Werbewirtschaft und Werbetechnik an der Fachhochschule f\u00fcr Druck Stuttgart von 1989 bis 1996. Diplom-Wirtschaftsingenieur (FH) mit 3,2. Diplom-Arbeit: \u201eVermarktungskonzeption f\u00fcr Einwandererliteratur in Deutschland\u201c.<\/p>\n<p class=\"western\">Arbeitspl\u00e4tze: deutsches Milit\u00e4r in Bayern (15 Monate), Klett Druck in Korb (5 Monate), Druckerei cantz in Bad Cannstatt und Ostfildern (3 Monate), Reproanstalt pkom in Stuttgart (3 Monate), Kunststoffspritzgu\u00df Klinger in Asperglen (1 Monat), Motors\u00e4gen Stihl in Waiblingen (1 Monat), service werbung in Stuttgart (6 Monate), Katholisches Bibelwerk in Stuttgart (6 Monate), Turmhaus Druckerei in Stuttgart (3 Monate), Evangelische Akademie in Bad Boll (3 Monate), Werbeagentur Karius &amp; Partner in Leonberg (3 Monate), sunny moon Musikvertrieb in Freiburg (15 Monate), Werbeagentur Brosig in Schorndorf (6 Monate), Theaterhaus Stuttgart (6 Jahre, unbefristet).<\/p>\n<p class=\"western\">Politik: 1990 bis 1996 aktiv bei den Gr\u00fcnen. Mitarbeit bei drei Wahlk\u00e4mpfen, Kreisvorstand Rems (1 Jahr), Landesvorstand Gr\u00fcn-Alternative Jugend Baden-W\u00fcrttemberg (1 Jahr). Gr\u00fcndung gr\u00fcne Hochschulgruppe Stuttgart. 5 Semester Kulturreferent des Unabh\u00e4ngigen Studierendenausschusses (UStA) an der FH Druck. Seit Januar 2000 in der SPD (seit 1 Jahr Beisitzer im Stadtverband Fellbach) und Kandidat bei der Stadtratswahl Fellbach 2009. Schwerpunkte: Jugend, Hochschule, Einwanderung, Medien, Kultur, \u00d6kologie, Soziales, Minderheiten, Zivilgesellschaft, Globalisierung (Entwicklung).<\/p>\n<p class=\"western\">Radiojournalismus: seit 1994 Mitglied beim Freien Radio f\u00fcr Stuttgart, Mitbegr\u00fcnder von Jazz funkt. Seit 4 Jahren\u00a0am ersten Samstag\u00a0jeden Monats volxmusik (Weltpolitik und Weltmusik) von 19 bis 21 Uhr. G\u00e4ste dort: Reinhard Wollnik, Peter Grohmann, Dr. Klaus Hirsch, Rolf Graser, Heinz Wienand, Wolfgang Schramm, Sonya Kraus, Guillermo Aparicio, Rainer Weitzel, Beate Kaebel, Wiltrud R\u00f6sch-Metzler, Walter G\u00f6ller, Guy Akame, Reinhard Hauff, Markus Riek, Almut Oswald, Harald Ra\u00df, Andrej Kritenko, Vahid Matejko, Hans-Peter Krause, Dirk Lenz, Dr. Christian Winkle, Dr. Frank Dobner, Egmont M\u00fcller.<\/p>\n<p class=\"western\">Gr\u00fcndung AnStifterFunken im Januar 2009, jeden zweiten Dienstag im Monat von 22 bis 24 Uhr. G\u00e4ste hier: Peter Grohmann, Nicolo Gueci, Patricia Caracciolo, Markus Riek, Harald Stingele, Ebbe K\u00f6gel, Evi Kunze, Susanne Streif, Burkhard Heinz.<\/p>\n<p class=\"western\">Mitgliedschaften: Theaterhaus Stuttgart, Freies Radio f\u00fcr Stuttgart, SPD, verdi, AnStifter, evangelische Landeskirche, Offene Kirche, Pro Asyl, Verein f\u00fcr eine gerechte Welt (Weltladen Fellbach), DFG-VK (Deutsche Friedensgesellschaft-Vereinigte Kriegsdienstgegnerinnen) , B\u00fcchergilde, POEMA (Umwelt und Armut in Amazonien) Stuttgart und Gesellschaft f\u00fcr bedrohte V\u00f6lker.<\/p>\n","protected":false},"excerpt":{"rendered":"<p>Biographie Geboren an einem Sonntag am 6. August 1967 in der Charlottenklinik in Stuttgart. Als Kind anderthalb Jahre in Neapel und zwei Jahre in Rio de Janeiro. Aufgewachsen in Grunbach im Remstal. Grundschule in Grunbach, Abitur mit 2,0 1987 am Remstalgymnasium in Benzach (Weinstadt). Leistungskurse Mathematik und Franz\u00f6sisch, Grundkurs Physik (3. Pr\u00fcfungsfach) und Religion (m\u00fcndlich). [&hellip;]<\/p>\n","protected":false},"author":1,"featured_media":0,"comment_status":"open","ping_status":"open","sticky":false,"template":"","format":"standard","meta":[],"categories":[9],"tags":[28],"_links":{"self":[{"href":"https:\/\/www.amokfisch.de\/blog\/index.php?rest_route=\/wp\/v2\/posts\/237"}],"collection":[{"href":"https:\/\/www.amokfisch.de\/blog\/index.php?rest_route=\/wp\/v2\/posts"}],"about":[{"href":"https:\/\/www.amokfisch.de\/blog\/index.php?rest_route=\/wp\/v2\/types\/post"}],"author":[{"embeddable":true,"href":"https:\/\/www.amokfisch.de\/blog\/index.php?rest_route=\/wp\/v2\/users\/1"}],"replies":[{"embeddable":true,"href":"https:\/\/www.amokfisch.de\/blog\/index.php?rest_route=%2Fwp%2Fv2%2Fcomments&post=237"}],"version-history":[{"count":5,"href":"https:\/\/www.amokfisch.de\/blog\/index.php?rest_route=\/wp\/v2\/posts\/237\/revisions"}],"predecessor-version":[{"id":402,"href":"https:\/\/www.amokfisch.de\/blog\/index.php?rest_route=\/wp\/v2\/posts\/237\/revisions\/402"}],"wp:attachment":[{"href":"https:\/\/www.amokfisch.de\/blog\/index.php?rest_route=%2Fwp%2Fv2%2Fmedia&parent=237"}],"wp:term":[{"taxonomy":"category","embeddable":true,"href":"https:\/\/www.amokfisch.de\/blog\/index.php?rest_route=%2Fwp%2Fv2%2Fcategories&post=237"},{"taxonomy":"post_tag","embeddable":true,"href":"https:\/\/www.amokfisch.de\/blog\/index.php?rest_route=%2Fwp%2Fv2%2Ftags&post=237"}],"curies":[{"name":"wp","href":"https:\/\/api.w.org\/{rel}","templated":true}]}}