{"id":2557,"date":"2017-02-23T23:32:07","date_gmt":"2017-02-23T21:32:07","guid":{"rendered":"http:\/\/www.amokfisch.de\/blog\/?p=2557"},"modified":"2017-02-23T23:32:07","modified_gmt":"2017-02-23T21:32:07","slug":"meine-bewerbung-zur-bundestagskandidatur-fuer-die-linke-im-wahlkreis-waiblingen","status":"publish","type":"post","link":"https:\/\/www.amokfisch.de\/blog\/?p=2557","title":{"rendered":"Meine Bewerbung zur Bundestagskandidatur f\u00fcr die Linke im Wahlkreis Waiblingen"},"content":{"rendered":"<p>Dies ist die Seite des Genossen amokfisch. Ich bin ein linksliberaler Radikaldemokrat, 49 Jahre alt und alleinstehend. Meine hervorstechenden Merkmale sind: gewissenhaft, l\u00e4ssig, aufopfernd und ungesellig. \u00d6ffentlichkeitsarbeiter im Stuttgarter Theaterhaus, Wirtschaftsingenieur (FH) Werbewirtschaft und Werbetechnik, Obergefreiter, Journalist, K\u00fcnstler und Schamane. Ich lebe drogen-, fleisch- und autofrei. Seit 20 Jahren bei ver.di (zuerst IG Medien).<\/p>\n<p>Als Erstes will ich eine Hochschule f\u00fcr Imame in Waiblingen gr\u00fcnden. Der Rems-Murr-Kreis ist der einzige Landkreis in der Region Stuttgart ohne Universit\u00e4t und hat eine Menge Faschistinnen. Die islamischen Geistlichen sollen in deutscher Sprache ausgebildet werden, bezahlt vom deutschen Staat. Gleichzeitig sollen die Imame aus der T\u00fcrkei, Saudi-Arabien und Qatar abgeschoben werden, da sie die faschistischen Ideologien ihrer Herkunftsstaaten und der dortigen Regierungen verfolgen.<\/p>\n<p>Zweitens: Fluchtursachen bek\u00e4mpfen hei\u00dft vor allem, die Konzerne zu zerschlagen. Die tragen eine Hauptschuld an den 50.000 Hungertoten pro Tag, da sie die ausbeuterische Kolonialpolitik Europas weiterf\u00fchren. Sind die Konglomerate in kleinere Einheiten zerteilt, gibt es mehr Stellen f\u00fcr den Geldadel und sie k\u00f6nnen sich weiterhin den Geldbeutel vollstopfen. Jeder Mensch soll dort leben k\u00f6nnen auf dem Planeten, wo sie will. Dann gibt es auch keine Massaker in der Sahara oder im Mittelmeer mehr.<\/p>\n<p>Drittens: radikale Neuerstellung von dezentralen Sozialwohnungen. F\u00fcr ein sanktionsfreies Grundeinkommen. Heime geh\u00f6ren aufgel\u00f6st, Kn\u00e4ste in Frage gestellt. Gut bezahlte Anw\u00e4ltinnen auch f\u00fcr die kleinen Leute. Bessere Bezahlung f\u00fcr Pflegerinnen und Respekt f\u00fcr deren Einsatz zum Wohle der Menschheit. Die einheitliche B\u00fcrgerversicherung ersetzt die privaten Krankenkassen, die sich derzeit selber \u00fcberfl\u00fcssig machen. Zweiklassenmedizin mu\u00df der Vergangenheit angeh\u00f6ren.<\/p>\n<p>Viertens: nach 72 Jahren droht in Deutschland erstmals wieder eine faschistische Partei im Reichstag zu sitzen. Das mu\u00df mit allen Mitteln (Rhetorik, Aufkl\u00e4rung, \u00d6ffentlichkeitsarbeit) verhindert werden. Rotrosagr\u00fcn ist alternativlos. Keine Regierung mehr durch die CDU, die die Interessen des Geldadels und des Vatikanstaates vertritt. Diese Figuren tun so, als ob der Staat ihr Privateigentum ist. Jesus w\u00fcrde kotzen.<\/p>\n<p>Schmiden, 23. Februar 2017<\/p>\n<p>&nbsp;<\/p>\n<p>&nbsp;<\/p>\n","protected":false},"excerpt":{"rendered":"<p>Dies ist die Seite des Genossen amokfisch. Ich bin ein linksliberaler Radikaldemokrat, 49 Jahre alt und alleinstehend. Meine hervorstechenden Merkmale sind: gewissenhaft, l\u00e4ssig, aufopfernd und ungesellig. \u00d6ffentlichkeitsarbeiter im Stuttgarter Theaterhaus, Wirtschaftsingenieur (FH) Werbewirtschaft und Werbetechnik, Obergefreiter, Journalist, K\u00fcnstler und Schamane. Ich lebe drogen-, fleisch- und autofrei. Seit 20 Jahren bei ver.di (zuerst IG Medien). Als [&hellip;]<\/p>\n","protected":false},"author":2,"featured_media":0,"comment_status":"open","ping_status":"open","sticky":false,"template":"","format":"standard","meta":[],"categories":[1,12],"tags":[28,48,170,162,154,171,149,163],"_links":{"self":[{"href":"https:\/\/www.amokfisch.de\/blog\/index.php?rest_route=\/wp\/v2\/posts\/2557"}],"collection":[{"href":"https:\/\/www.amokfisch.de\/blog\/index.php?rest_route=\/wp\/v2\/posts"}],"about":[{"href":"https:\/\/www.amokfisch.de\/blog\/index.php?rest_route=\/wp\/v2\/types\/post"}],"author":[{"embeddable":true,"href":"https:\/\/www.amokfisch.de\/blog\/index.php?rest_route=\/wp\/v2\/users\/2"}],"replies":[{"embeddable":true,"href":"https:\/\/www.amokfisch.de\/blog\/index.php?rest_route=%2Fwp%2Fv2%2Fcomments&post=2557"}],"version-history":[{"count":3,"href":"https:\/\/www.amokfisch.de\/blog\/index.php?rest_route=\/wp\/v2\/posts\/2557\/revisions"}],"predecessor-version":[{"id":2560,"href":"https:\/\/www.amokfisch.de\/blog\/index.php?rest_route=\/wp\/v2\/posts\/2557\/revisions\/2560"}],"wp:attachment":[{"href":"https:\/\/www.amokfisch.de\/blog\/index.php?rest_route=%2Fwp%2Fv2%2Fmedia&parent=2557"}],"wp:term":[{"taxonomy":"category","embeddable":true,"href":"https:\/\/www.amokfisch.de\/blog\/index.php?rest_route=%2Fwp%2Fv2%2Fcategories&post=2557"},{"taxonomy":"post_tag","embeddable":true,"href":"https:\/\/www.amokfisch.de\/blog\/index.php?rest_route=%2Fwp%2Fv2%2Ftags&post=2557"}],"curies":[{"name":"wp","href":"https:\/\/api.w.org\/{rel}","templated":true}]}}