{"id":2716,"date":"2018-04-18T20:00:48","date_gmt":"2018-04-18T18:00:48","guid":{"rendered":"http:\/\/www.amokfisch.de\/blog\/?p=2716"},"modified":"2018-04-18T20:00:48","modified_gmt":"2018-04-18T18:00:48","slug":"31-internationale-theaterhaus-jazztage","status":"publish","type":"post","link":"https:\/\/www.amokfisch.de\/blog\/?p=2716","title":{"rendered":"31. Internationale Theaterhaus Jazztage"},"content":{"rendered":"<p>Der Gr\u00fcnder (vor 33 Jahren) und Intendant des Theaterhauses Werner Schretzmeier (74) und gr\u00f6\u00dfter Jazzkenner in Stuttgart hat mal wieder ein reizendes Festival auf die B\u00fchnen gebracht. Wie immer an Ostern war dies der Auftakt f\u00fcr bedeutende Jazzerinnen f\u00fcr den Festivalzirkus diesmal in 2018. Teilweise spielten gleichzeitig 4 Gruppen in allen 4 S\u00e4alen.<\/p>\n<p>Er\u00f6ffnet wurde der ganze Spa\u00df von Jazzprofessor Bernd Konrad am Mittwoch, der den Ehrenjazzpreis des Landes Baden-W\u00fcrttemberg verliehen bekam. Sogar ein Minister war da (Winne Hermann von den Gr\u00fcnen). Und den Preis hat sich der bescheidene und liebensw\u00fcrdige Gr\u00fcnder des Jazzstudiengangs an der Musikhochschule in Stuttgart redlich verdient.<\/p>\n<p>Miles Davis-Musiker wie Lee Konitz (as) und Mino Cinelu (perc) waren dabei, der pr\u00e4gende Free Jazz-Vibraphonist Karl Berger war aus Woodstock angereist. Und so ging es durch die Bank weiter: lauter erfolgreiche Jazzerinnen waren am Start, die Meisten waren Europ\u00e4erinnen.<\/p>\n<p>Am nachhaltigsten wirkte ein deutsch-japanisches Quartett: Kazutoki Umezo (cl, bcl), Naoko Kikuchi (koto), John Eckhardt (b) und Eric Schaefer (dr). Sie hatten ihr Programm &#8218;Kyoto mon amour&#8216; genannt. Eric bekam einen Anruf vom Plattenverleger Siegfried Loch. Sie einigten sich auf die Besetzung und los ging es nach Japan, wo viele Studien betrieben wurden. Bleibt noch zu erw\u00e4hnen, da\u00df der bescheidene Kazutoki schon in den 80ern das New Jazz Festival Moers rockte. Sein Klarinettenton gemahnte an eine Shakuhachi-Fl\u00f6te.<\/p>\n<p>Es gab meist Doppelkonzerte pro Saal, viele waren ausverkauft. Trotz der enormen Qualit\u00e4t der Musik und der Auslastung und trotz der beiden Gro\u00dfsponsoren warf das Festival ein Defizit ab. Dies wird allerdings locker durch die Fernsehkom\u00f6dianten querfinanziert, die gerne im Theaterhaus spielen.<\/p>\n<p>&nbsp;<\/p>\n<p>&nbsp;<\/p>\n","protected":false},"excerpt":{"rendered":"<p>Der Gr\u00fcnder (vor 33 Jahren) und Intendant des Theaterhauses Werner Schretzmeier (74) und gr\u00f6\u00dfter Jazzkenner in Stuttgart hat mal wieder ein reizendes Festival auf die B\u00fchnen gebracht. Wie immer an Ostern war dies der Auftakt f\u00fcr bedeutende Jazzerinnen f\u00fcr den Festivalzirkus diesmal in 2018. Teilweise spielten gleichzeitig 4 Gruppen in allen 4 S\u00e4alen. Er\u00f6ffnet wurde [&hellip;]<\/p>\n","protected":false},"author":2,"featured_media":0,"comment_status":"open","ping_status":"open","sticky":false,"template":"","format":"standard","meta":[],"categories":[10,40],"tags":[172,49,62],"_links":{"self":[{"href":"https:\/\/www.amokfisch.de\/blog\/index.php?rest_route=\/wp\/v2\/posts\/2716"}],"collection":[{"href":"https:\/\/www.amokfisch.de\/blog\/index.php?rest_route=\/wp\/v2\/posts"}],"about":[{"href":"https:\/\/www.amokfisch.de\/blog\/index.php?rest_route=\/wp\/v2\/types\/post"}],"author":[{"embeddable":true,"href":"https:\/\/www.amokfisch.de\/blog\/index.php?rest_route=\/wp\/v2\/users\/2"}],"replies":[{"embeddable":true,"href":"https:\/\/www.amokfisch.de\/blog\/index.php?rest_route=%2Fwp%2Fv2%2Fcomments&post=2716"}],"version-history":[{"count":2,"href":"https:\/\/www.amokfisch.de\/blog\/index.php?rest_route=\/wp\/v2\/posts\/2716\/revisions"}],"predecessor-version":[{"id":2718,"href":"https:\/\/www.amokfisch.de\/blog\/index.php?rest_route=\/wp\/v2\/posts\/2716\/revisions\/2718"}],"wp:attachment":[{"href":"https:\/\/www.amokfisch.de\/blog\/index.php?rest_route=%2Fwp%2Fv2%2Fmedia&parent=2716"}],"wp:term":[{"taxonomy":"category","embeddable":true,"href":"https:\/\/www.amokfisch.de\/blog\/index.php?rest_route=%2Fwp%2Fv2%2Fcategories&post=2716"},{"taxonomy":"post_tag","embeddable":true,"href":"https:\/\/www.amokfisch.de\/blog\/index.php?rest_route=%2Fwp%2Fv2%2Ftags&post=2716"}],"curies":[{"name":"wp","href":"https:\/\/api.w.org\/{rel}","templated":true}]}}