{"id":2890,"date":"2019-07-14T18:35:29","date_gmt":"2019-07-14T16:35:29","guid":{"rendered":"http:\/\/www.amokfisch.de\/blog\/?p=2890"},"modified":"2019-07-14T18:35:29","modified_gmt":"2019-07-14T16:35:29","slug":"kommunalpolitik-ist","status":"publish","type":"post","link":"https:\/\/www.amokfisch.de\/blog\/?p=2890","title":{"rendered":"Kommunalpolitik ist&#8230;"},"content":{"rendered":"<p>Im Folgenden ein Text von mir zum Artikel &#8222;Noch nicht im Amt, schon unter Beschuss&#8220; vom 2.7.19 in der Fellbacher Zeitung (FZ).<\/p>\n<p>Ich danke Herrn Herrmann, da\u00df er meinen Einwurf in der Gesichtsbuch-Gruppe mit ihren 10.000 Fellbacherinnen aufgegriffen hat. \u00dcberrascht haben mich die Reaktionen auf meinen Spruch nicht, ich habe sie erwartet. Das F\u00e4kalwort zu verwenden war etwas gewagt, jedoch habe ich mein Ziel erreicht und eine kleine Welle losgel\u00f6st. Ehrlich gesagt herrscht in den asozialen Medien eine \u00fcbliche Politikerdresche, die auch faschistische Parteien in die Parlamente gesp\u00fclt hat und nicht in der Kommunalpolitik halt macht.<\/p>\n<p>Ich habe jedem einzelnen Kommentar auf meinen Eintrag individuell geantwortet.<\/p>\n<p>Geschrieben am 2. Juli, dem Tag der Verpflichtung aller 32 Stadtr\u00e4tinnen, ver\u00f6ffentlicht am 3. Juli in der FZ.<\/p>\n","protected":false},"excerpt":{"rendered":"<p>Im Folgenden ein Text von mir zum Artikel &#8222;Noch nicht im Amt, schon unter Beschuss&#8220; vom 2.7.19 in der Fellbacher Zeitung (FZ). Ich danke Herrn Herrmann, da\u00df er meinen Einwurf in der Gesichtsbuch-Gruppe mit ihren 10.000 Fellbacherinnen aufgegriffen hat. \u00dcberrascht haben mich die Reaktionen auf meinen Spruch nicht, ich habe sie erwartet. Das F\u00e4kalwort zu [&hellip;]<\/p>\n","protected":false},"author":2,"featured_media":0,"comment_status":"open","ping_status":"open","sticky":false,"template":"","format":"standard","meta":[],"categories":[11,40],"tags":[15,187],"_links":{"self":[{"href":"https:\/\/www.amokfisch.de\/blog\/index.php?rest_route=\/wp\/v2\/posts\/2890"}],"collection":[{"href":"https:\/\/www.amokfisch.de\/blog\/index.php?rest_route=\/wp\/v2\/posts"}],"about":[{"href":"https:\/\/www.amokfisch.de\/blog\/index.php?rest_route=\/wp\/v2\/types\/post"}],"author":[{"embeddable":true,"href":"https:\/\/www.amokfisch.de\/blog\/index.php?rest_route=\/wp\/v2\/users\/2"}],"replies":[{"embeddable":true,"href":"https:\/\/www.amokfisch.de\/blog\/index.php?rest_route=%2Fwp%2Fv2%2Fcomments&post=2890"}],"version-history":[{"count":2,"href":"https:\/\/www.amokfisch.de\/blog\/index.php?rest_route=\/wp\/v2\/posts\/2890\/revisions"}],"predecessor-version":[{"id":2892,"href":"https:\/\/www.amokfisch.de\/blog\/index.php?rest_route=\/wp\/v2\/posts\/2890\/revisions\/2892"}],"wp:attachment":[{"href":"https:\/\/www.amokfisch.de\/blog\/index.php?rest_route=%2Fwp%2Fv2%2Fmedia&parent=2890"}],"wp:term":[{"taxonomy":"category","embeddable":true,"href":"https:\/\/www.amokfisch.de\/blog\/index.php?rest_route=%2Fwp%2Fv2%2Fcategories&post=2890"},{"taxonomy":"post_tag","embeddable":true,"href":"https:\/\/www.amokfisch.de\/blog\/index.php?rest_route=%2Fwp%2Fv2%2Ftags&post=2890"}],"curies":[{"name":"wp","href":"https:\/\/api.w.org\/{rel}","templated":true}]}}