{"id":2926,"date":"2019-12-31T19:18:39","date_gmt":"2019-12-31T17:18:39","guid":{"rendered":"http:\/\/www.amokfisch.de\/blog\/?p=2926"},"modified":"2019-12-31T19:18:39","modified_gmt":"2019-12-31T17:18:39","slug":"doppelkonzert","status":"publish","type":"post","link":"https:\/\/www.amokfisch.de\/blog\/?p=2926","title":{"rendered":"Doppelkonzert"},"content":{"rendered":"<p>Bei der 34en Ausgabe des Festivals Jazz d&#8217;or spielten zwei Giganten des Jazz auf, beide schon \u00fcber die 70. Er\u00f6ffnet wurde das Konzert am 14. November 2019 in der Offenburger Reithalle vom gr\u00f6\u00dften lebenden Klavierspieler Europas: Joachim K\u00fchn. Er spielte allein ausschlie\u00dflich St\u00fccke von Ornette Coleman, dem er lange Jahre eng verbunden war, der Tod des Autodidakten am Altsaxophon stellte hier einen harten Schnitt dar. Passend zu seiner aktuellen Scheibe wirbelte K\u00fchn auf den Tasten herum, da\u00df es wie immer eine Freude war zuzuh\u00f6ren. Er war auch denkbar gut gelaunt an dem Abend.<\/p>\n<p>Nach einer guten Stunde und der Pause danach spielte das Henri Texier Quintet zum Album &#8218;Sand Woman&#8216; auf. Kontrabassist und Komponist Texier ist der gr\u00f6\u00dfte lebende Musiker auf dem Planeten. Er versteht es wie kein anderer die Musik von bedrohten V\u00f6lkern in den Jazz einzugliedern. Beim Quintett mit dabei: Sohn Sebastien Texier (as,cl), Vincent Le Quang (ts,ss), Manu Codjia (g) und Gautier Garrigue (dr). Die Gruppe begann mit einem fulminanten Solo des Anf\u00fchrers. Auch dieses Konzert war von h\u00f6chster G\u00fcte und auch hier waren alle bestens gelaunt.<\/p>\n","protected":false},"excerpt":{"rendered":"<p>Bei der 34en Ausgabe des Festivals Jazz d&#8217;or spielten zwei Giganten des Jazz auf, beide schon \u00fcber die 70. Er\u00f6ffnet wurde das Konzert am 14. November 2019 in der Offenburger Reithalle vom gr\u00f6\u00dften lebenden Klavierspieler Europas: Joachim K\u00fchn. Er spielte allein ausschlie\u00dflich St\u00fccke von Ornette Coleman, dem er lange Jahre eng verbunden war, der Tod [&hellip;]<\/p>\n","protected":false},"author":2,"featured_media":0,"comment_status":"open","ping_status":"open","sticky":false,"template":"","format":"standard","meta":[],"categories":[10,40],"tags":[176,49,55],"_links":{"self":[{"href":"https:\/\/www.amokfisch.de\/blog\/index.php?rest_route=\/wp\/v2\/posts\/2926"}],"collection":[{"href":"https:\/\/www.amokfisch.de\/blog\/index.php?rest_route=\/wp\/v2\/posts"}],"about":[{"href":"https:\/\/www.amokfisch.de\/blog\/index.php?rest_route=\/wp\/v2\/types\/post"}],"author":[{"embeddable":true,"href":"https:\/\/www.amokfisch.de\/blog\/index.php?rest_route=\/wp\/v2\/users\/2"}],"replies":[{"embeddable":true,"href":"https:\/\/www.amokfisch.de\/blog\/index.php?rest_route=%2Fwp%2Fv2%2Fcomments&post=2926"}],"version-history":[{"count":1,"href":"https:\/\/www.amokfisch.de\/blog\/index.php?rest_route=\/wp\/v2\/posts\/2926\/revisions"}],"predecessor-version":[{"id":2927,"href":"https:\/\/www.amokfisch.de\/blog\/index.php?rest_route=\/wp\/v2\/posts\/2926\/revisions\/2927"}],"wp:attachment":[{"href":"https:\/\/www.amokfisch.de\/blog\/index.php?rest_route=%2Fwp%2Fv2%2Fmedia&parent=2926"}],"wp:term":[{"taxonomy":"category","embeddable":true,"href":"https:\/\/www.amokfisch.de\/blog\/index.php?rest_route=%2Fwp%2Fv2%2Fcategories&post=2926"},{"taxonomy":"post_tag","embeddable":true,"href":"https:\/\/www.amokfisch.de\/blog\/index.php?rest_route=%2Fwp%2Fv2%2Ftags&post=2926"}],"curies":[{"name":"wp","href":"https:\/\/api.w.org\/{rel}","templated":true}]}}