{"id":2972,"date":"2020-12-14T19:49:54","date_gmt":"2020-12-14T17:49:54","guid":{"rendered":"http:\/\/www.amokfisch.de\/blog\/?p=2972"},"modified":"2020-12-14T19:49:55","modified_gmt":"2020-12-14T17:49:55","slug":"die-fellbaecherin-2","status":"publish","type":"post","link":"https:\/\/www.amokfisch.de\/blog\/?p=2972","title":{"rendered":"Die Fellb\u00e4cherin"},"content":{"rendered":"\n<p>am Sonntag, 20. Dezember von 21 bis 23 Uhr im Freien Radio f\u00fcr  Stuttgart. Wiederholung einer Sendung vom August diesen Jahres, bei der  Egmont M\u00fcller (Kulturpalast) den Genossen amokfisch interviewt. Zu h\u00f6ren  sein mit seiner Lieblingsmusik wird Stadtrat Armin Fischer (DIE LINKE)  auf Antenne 99,2, Kabel 102,1 und www.freies-radio.de<\/p>\n","protected":false},"excerpt":{"rendered":"<p>am Sonntag, 20. Dezember von 21 bis 23 Uhr im Freien Radio f\u00fcr Stuttgart. Wiederholung einer Sendung vom August diesen Jahres, bei der Egmont M\u00fcller (Kulturpalast) den Genossen amokfisch interviewt. Zu h\u00f6ren sein mit seiner Lieblingsmusik wird Stadtrat Armin Fischer (DIE LINKE) auf Antenne 99,2, Kabel 102,1 und www.freies-radio.de<\/p>\n","protected":false},"author":2,"featured_media":0,"comment_status":"open","ping_status":"open","sticky":false,"template":"","format":"standard","meta":[],"categories":[183],"tags":[28,15,52],"_links":{"self":[{"href":"https:\/\/www.amokfisch.de\/blog\/index.php?rest_route=\/wp\/v2\/posts\/2972"}],"collection":[{"href":"https:\/\/www.amokfisch.de\/blog\/index.php?rest_route=\/wp\/v2\/posts"}],"about":[{"href":"https:\/\/www.amokfisch.de\/blog\/index.php?rest_route=\/wp\/v2\/types\/post"}],"author":[{"embeddable":true,"href":"https:\/\/www.amokfisch.de\/blog\/index.php?rest_route=\/wp\/v2\/users\/2"}],"replies":[{"embeddable":true,"href":"https:\/\/www.amokfisch.de\/blog\/index.php?rest_route=%2Fwp%2Fv2%2Fcomments&post=2972"}],"version-history":[{"count":1,"href":"https:\/\/www.amokfisch.de\/blog\/index.php?rest_route=\/wp\/v2\/posts\/2972\/revisions"}],"predecessor-version":[{"id":2973,"href":"https:\/\/www.amokfisch.de\/blog\/index.php?rest_route=\/wp\/v2\/posts\/2972\/revisions\/2973"}],"wp:attachment":[{"href":"https:\/\/www.amokfisch.de\/blog\/index.php?rest_route=%2Fwp%2Fv2%2Fmedia&parent=2972"}],"wp:term":[{"taxonomy":"category","embeddable":true,"href":"https:\/\/www.amokfisch.de\/blog\/index.php?rest_route=%2Fwp%2Fv2%2Fcategories&post=2972"},{"taxonomy":"post_tag","embeddable":true,"href":"https:\/\/www.amokfisch.de\/blog\/index.php?rest_route=%2Fwp%2Fv2%2Ftags&post=2972"}],"curies":[{"name":"wp","href":"https:\/\/api.w.org\/{rel}","templated":true}]}}