{"id":3037,"date":"2021-10-31T11:39:04","date_gmt":"2021-10-31T09:39:04","guid":{"rendered":"http:\/\/www.amokfisch.de\/blog\/?p=3037"},"modified":"2021-10-31T11:39:05","modified_gmt":"2021-10-31T09:39:05","slug":"7-esslinger-jazztage-2021","status":"publish","type":"post","link":"https:\/\/www.amokfisch.de\/blog\/?p=3037","title":{"rendered":"7. Esslinger Jazztage 2021"},"content":{"rendered":"\n<p>Im Herbst 2021 organisierte der kongeniale Jazzfreund Maximilian Merkle sein nun mittlerweile 7. Jazzfestival mit internationalen Jazzgr\u00f6\u00dfen an verschiedenen Orten in Esslingen. Merkle war fr\u00fcher Rechtsberater beim Weltjazzverlag ECM (Verlag f\u00fcr zeitgen\u00f6ssische Musik) in M\u00fcnchen.<\/p>\n\n\n\n<p>Er\u00f6ffnet wurde das Ganze diesmal in der Dieselstra\u00dfe, dem besten Ort f\u00fcr Jazz in der Region Stuttgart. Einerseits der Ausnahmeakkordeonspieler Jean-Louis Matinier (wohl der beste seiner Art am diatonischen Knopfakkordeon). Der ehemalige Begleiter von Juliette Greco brachte den \u00fcberragenden Gitarristen Kevin Seddiki mit. Beide Giganten stammen aus Frankreich. Das Konzert war ausverkauft.<\/p>\n\n\n\n<p>An seinem letzten Arbeitstag lies es sich der scheidende Esslinger Oberb\u00fcrgermeister Doktor J\u00fcrgen Zieger (SPD) nicht nehmen, schw\u00e4nzte die Gemeinderatssitzung, um dem Weltbassisten Eberhard Weber das Bundesverdienstkreuz zu verleihen. Bei seiner Rede wechselte er immer zwischen du und Sie. Eberhard, der aus Esslingen stammt, gab zwei Kalauer aus seiner Verwandtschaft zum Besten. Und einer der wichtigsten Jazz- und Klassik-Gitarristen Ralph Towner spielte alleine auf. Ein sehr beeindruckender Auftakt f\u00fcr diesen Abend. Nach der Zeremonie wirbelte das Shai Maestro Klaviertrio aus Isreal\/New York durch das Neckar-Forum.<\/p>\n\n\n\n<p>Dann ein beeindruckendes Duo von Jason Moran (p) und Christian McBride (b), beide Weltspitze in der Stadtkirche Sankt Dionys. Die zwei spielten zum ersten Mal dieses Duo, die Kirche war rappelvoll und lauschte gebannt der improvisierten Kammermusik.<\/p>\n\n\n\n<p>Nach einem Konzert des Jazzkellers (in der Dieselstra\u00dfe) und dreier Gruppen in der W\u00fcrttembergischen Landesb\u00fchne fand das Festival seinen kr\u00f6nenden Abschlu\u00df mit dem Duo des Gitarrengiganten John Scofield und dem Bassunternehmer Dave Holland. Beide auch in der Jazzliga weltweit ganz oben. Auch hier durfte mensch vor voller Stadtkirche einem wundersch\u00f6nen kammermusikalischen Reigen lauschen.<\/p>\n","protected":false},"excerpt":{"rendered":"<p>Im Herbst 2021 organisierte der kongeniale Jazzfreund Maximilian Merkle sein nun mittlerweile 7. Jazzfestival mit internationalen Jazzgr\u00f6\u00dfen an verschiedenen Orten in Esslingen. Merkle war fr\u00fcher Rechtsberater beim Weltjazzverlag ECM (Verlag f\u00fcr zeitgen\u00f6ssische Musik) in M\u00fcnchen. Er\u00f6ffnet wurde das Ganze diesmal in der Dieselstra\u00dfe, dem besten Ort f\u00fcr Jazz in der Region Stuttgart. Einerseits der Ausnahmeakkordeonspieler [&hellip;]<\/p>\n","protected":false},"author":2,"featured_media":0,"comment_status":"open","ping_status":"open","sticky":false,"template":"","format":"standard","meta":[],"categories":[10,40],"tags":[205,172,49],"_links":{"self":[{"href":"https:\/\/www.amokfisch.de\/blog\/index.php?rest_route=\/wp\/v2\/posts\/3037"}],"collection":[{"href":"https:\/\/www.amokfisch.de\/blog\/index.php?rest_route=\/wp\/v2\/posts"}],"about":[{"href":"https:\/\/www.amokfisch.de\/blog\/index.php?rest_route=\/wp\/v2\/types\/post"}],"author":[{"embeddable":true,"href":"https:\/\/www.amokfisch.de\/blog\/index.php?rest_route=\/wp\/v2\/users\/2"}],"replies":[{"embeddable":true,"href":"https:\/\/www.amokfisch.de\/blog\/index.php?rest_route=%2Fwp%2Fv2%2Fcomments&post=3037"}],"version-history":[{"count":3,"href":"https:\/\/www.amokfisch.de\/blog\/index.php?rest_route=\/wp\/v2\/posts\/3037\/revisions"}],"predecessor-version":[{"id":3040,"href":"https:\/\/www.amokfisch.de\/blog\/index.php?rest_route=\/wp\/v2\/posts\/3037\/revisions\/3040"}],"wp:attachment":[{"href":"https:\/\/www.amokfisch.de\/blog\/index.php?rest_route=%2Fwp%2Fv2%2Fmedia&parent=3037"}],"wp:term":[{"taxonomy":"category","embeddable":true,"href":"https:\/\/www.amokfisch.de\/blog\/index.php?rest_route=%2Fwp%2Fv2%2Fcategories&post=3037"},{"taxonomy":"post_tag","embeddable":true,"href":"https:\/\/www.amokfisch.de\/blog\/index.php?rest_route=%2Fwp%2Fv2%2Ftags&post=3037"}],"curies":[{"name":"wp","href":"https:\/\/api.w.org\/{rel}","templated":true}]}}