{"id":320,"date":"2009-05-13T19:52:12","date_gmt":"2009-05-13T17:52:12","guid":{"rendered":"http:\/\/www.amokfisch.de\/blog\/?p=320"},"modified":"2009-05-13T19:55:33","modified_gmt":"2009-05-13T17:55:33","slug":"erster-tagebucheintrag-13-mai-2009","status":"publish","type":"post","link":"https:\/\/www.amokfisch.de\/blog\/?p=320","title":{"rendered":"Erster Tagebucheintrag Mittwoch 13. Mai 2009"},"content":{"rendered":"<p>Hallo liebe Leute und Bekannte! Sch\u00f6n, da\u00df\u00a0ihr mich lest. Viel Spa\u00df beim St\u00f6bern auf meiner Netzseite w\u00fcnsche ich, seit gestern ist sie freigeschaltet. Meinen besonderen Dank an Florian, der die Arbeit an diesem Auftritt wunderbar gemeistert hat!<\/p>\n<p>So nun ein paar Gedanken zu den letzten Tagen:<\/p>\n<p>Sonntag war ich in Karlsruhe, dort gab es eine Veranstaltung f\u00fcr SPD-Funktion\u00e4re aus Baden-W\u00fcrttemberg, Bayern und dem Saarland. Die Regionalkonferenz S\u00fcd (es gab auch noch welche f\u00fcr die drei anderen Himmelsrichtungen) pr\u00e4sentierte die Parteispitzen geballt: die Reden der Landesvorsitzenden Ute Vogt, dem zuk\u00fcnftigen Bundeskanzler Frank-Walter Steinmeier, Sozialistenfraktionsf\u00fchrer im Parlament der Europ\u00e4ischen Union und zuk\u00fcnftigen EU-Kommissar Martin Schulz und dem Bundesh\u00e4uptling Franz M\u00fcntefering wurden mit stehenden Applaus bedacht. Die\u00a0Beitr\u00e4ge waren frisch, gut gelaunt und begeisternd, konzentriert, auch witzig. Kurzum rednerische Feuerwerke. Mit dieser geballten\u00a0Kompetenz kann man Wahlen gewinnen. Die Konferenz soll das 56seitige Bundesregierungsprogramm untermauern (der Bundesparteitag stimmt dar\u00fcber am 14. Juni ab -mit dabei Harald Ra\u00df aus Fellbach- nicht vergessen: an diesem Tag Phoenix einschalten!). Forderungen: Geb\u00fchrenfreiheit vom Kindergarten bis zum Studium. Die R\u00fcckkehr zum Finanzdesaster kann nur mit dieser Partei verhindert werden. In der EU sind von 27 Mitgliedstaaten 19 von Kons gef\u00fchrt. Deshalb mu\u00df die sozialistische Fraktion die st\u00e4rkste werden. Kommissionspr\u00e4sident Barroso ist ein Marktradikaler (dieses Wort viel \u00f6fters, keiner nahm das Wort Neoliberalismus in den Mund). Am meisten Applaus gab es zur Ablehnung der Kernkraft. Alles in allem eine h\u00f6chst motivierende Veranstaltung mit Infost\u00e4nden und ohne Presse.<\/p>\n<p>Montag und Dienstag: 11. Medienforum Migration im Funkhaus des SWR.\u00a0Daf\u00fcr habe ich mir extra freigenommen. Programm, Getr\u00e4nke und zwei Gem\u00fcsemaultaschen umsonst! Die Einwanderer also eine wichtige Zielgruppe f\u00fcr den Sender. Wobei die Zuh\u00f6rer \u00fcberwiegend rosah\u00e4utig waren&#8230; Sch\u00f6n, da\u00df es einen Migranten im Rundfunkrat gibt.\u00a0Ich h\u00f6rte\u00a0wissenschaftliche Beitr\u00e4ge \u00fcber das Volk der Migranten. Jedenfalls ist diese Gruppe in unserem Staat in jeder Schicht vertreten, nur nicht bei den Konservativen bzw. dem Geldadel. Ist ja auch klar, da\u00df wer nach 1960 eingewandert ist sich nicht mehr am\u00a0beendeten Genozid beteiligen\u00a0und bereichern konnte. Und leider h\u00f6ren die Einwanderer nicht so viel Radio, telefonieren aber alle mit dem tragbaren Telefon. Eine Zusammenfassung der Begleitbrosch\u00fcre liefere ich euch nach.<\/p>\n<p>Dienstag Abend Forum der Fellbacher Zeitung mit den Spitzenkandatinnen der 4 Listen (CDU,\u00a0Freie W\u00e4hler, SPD und B\u00fcndnis 90\/DIe Gr\u00fcnen). Nach dem Debakel bei der Listenaufstellung scheiden also die drei Stadtr\u00e4tinnen der Gr\u00fcnen, die f\u00fcr das 107-Meter Hochhaus und f\u00fcr den CDU-OB votiert haben, aus. Und so sa\u00df vorne die aus Warschau stammende Neudeutsche (dummerweise ohne Sitz im Kommunalparlament seither). Sie ist selbstbewu\u00dft und macht Hoffnung auf ein Ende von Jamaika in Fellbach. V\u00f6llig identisch CDU und Freie W\u00e4hler (bei letzteren alle parteilos bis auf vier FDPler). Und Andreas\u00a0M\u00f6hlmann gl\u00e4nzte an seinem Geburtstag mit kurzen, knackigen Forderungen der SPD.<\/p>\n<p>Heute ruht der Wahlkampf, ich habe wieder gearbeitet und gehe jetzt nach Hause. Alles Gute und bis zum n\u00e4chsten Mal!<\/p>\n","protected":false},"excerpt":{"rendered":"<p>Hallo liebe Leute und Bekannte! Sch\u00f6n, da\u00df\u00a0ihr mich lest. Viel Spa\u00df beim St\u00f6bern auf meiner Netzseite w\u00fcnsche ich, seit gestern ist sie freigeschaltet. Meinen besonderen Dank an Florian, der die Arbeit an diesem Auftritt wunderbar gemeistert hat! So nun ein paar Gedanken zu den letzten Tagen: Sonntag war ich in Karlsruhe, dort gab es eine [&hellip;]<\/p>\n","protected":false},"author":2,"featured_media":0,"comment_status":"open","ping_status":"open","sticky":false,"template":"","format":"standard","meta":[],"categories":[40],"tags":[],"_links":{"self":[{"href":"https:\/\/www.amokfisch.de\/blog\/index.php?rest_route=\/wp\/v2\/posts\/320"}],"collection":[{"href":"https:\/\/www.amokfisch.de\/blog\/index.php?rest_route=\/wp\/v2\/posts"}],"about":[{"href":"https:\/\/www.amokfisch.de\/blog\/index.php?rest_route=\/wp\/v2\/types\/post"}],"author":[{"embeddable":true,"href":"https:\/\/www.amokfisch.de\/blog\/index.php?rest_route=\/wp\/v2\/users\/2"}],"replies":[{"embeddable":true,"href":"https:\/\/www.amokfisch.de\/blog\/index.php?rest_route=%2Fwp%2Fv2%2Fcomments&post=320"}],"version-history":[{"count":4,"href":"https:\/\/www.amokfisch.de\/blog\/index.php?rest_route=\/wp\/v2\/posts\/320\/revisions"}],"predecessor-version":[{"id":324,"href":"https:\/\/www.amokfisch.de\/blog\/index.php?rest_route=\/wp\/v2\/posts\/320\/revisions\/324"}],"wp:attachment":[{"href":"https:\/\/www.amokfisch.de\/blog\/index.php?rest_route=%2Fwp%2Fv2%2Fmedia&parent=320"}],"wp:term":[{"taxonomy":"category","embeddable":true,"href":"https:\/\/www.amokfisch.de\/blog\/index.php?rest_route=%2Fwp%2Fv2%2Fcategories&post=320"},{"taxonomy":"post_tag","embeddable":true,"href":"https:\/\/www.amokfisch.de\/blog\/index.php?rest_route=%2Fwp%2Fv2%2Ftags&post=320"}],"curies":[{"name":"wp","href":"https:\/\/api.w.org\/{rel}","templated":true}]}}