{"id":325,"date":"2009-05-15T11:29:36","date_gmt":"2009-05-15T09:29:36","guid":{"rendered":"http:\/\/www.amokfisch.de\/blog\/?p=325"},"modified":"2009-05-15T11:29:36","modified_gmt":"2009-05-15T09:29:36","slug":"zweiter-tagebucheintrag-freitag-15-mai","status":"publish","type":"post","link":"https:\/\/www.amokfisch.de\/blog\/?p=325","title":{"rendered":"Zweiter Tagebucheintrag Freitag 15. Mai"},"content":{"rendered":"<p>Ich freue mich sehr \u00fcber die Reaktionen auf meine neue Netzseite, die eingetrudelt sind. Es gab auch Kritik an der Lesbarkeit der Texte. Dazu folgendes: das war eine bewu\u00dfte Entscheidung. Beim Druck ist ma\u00dfgebend das additive Farbmischsystem. Das hei\u00dft mit Schwarz, Magenta, Cyan und Gelb zusammen gibt es Schwarz. Beim Licht ist es gerade anders herum: hier greift das subtraktive Verfahren. Blau, Gr\u00fcn und Rot zusammen geben wei\u00dfes Licht. Also entschied ich mich f\u00fcr die Negativschrift, da dies f\u00fcr die Augen weniger anstrengend ist. Achte mal auf den Abspann eines Kinofilms: der ist in aller Regel auch so gel\u00f6st. Da wollte ich dich daran erinnern, da\u00df ich 18 Gedichte,14 Bilder und 9 Tonaufnahmen\u00a0auf meiner Seite habe, wenn das Lesen schwer f\u00e4llt.<\/p>\n<p>Folgender Tip von meiner Seite: mein bestes Gedicht: &#8218;Die Pflanze in mir&#8216; und mein Bildfavorit &#8218;Multiversum&#8216;.<\/p>\n<p>Morgen am Samstag kannst du mich von 8 bis 12 Uhr auf dem Marktplatz am Fellbacher Rathaus (Endhaltestelle Lutherkirche Stadtbahn U1) am SPD-Stand antreffen. Abends bin ich beim Konzert von Patrick Bebelaar mit dem Stept\u00e4nzer Thomas Marek 20:30 Uhr im Theaterhaus (es gibt noch Karten). Am Sonntag k\u00f6nnt ihr mich ab 16 Uhr ebenfalls an diesem Ort beim Abenddienst antreffen.<\/p>\n<p>Wenn du am Mitgliederfest am Samstag, 6. Juni 18:30 Uhr im Theaterhaus zum 25j\u00e4hrigen Jubil\u00e4um des Vereins teilnehmen willst, melde dich bei mir bis Samstag abend. Und dann gibt es noch am Pfingstmontag von 10 bis 18 Uhr eine Neckarbootsfahrt der Regional-SPD von Cannstatt nach Marbach und zur\u00fcck f\u00fcr 10 Euro. Anmeldung beim Regionalgesch\u00e4ftsf\u00fchrer: <a href=\"mailto:frank.gloel@spd.de\">frank.gloel@spd.de<\/a>\u00a0. Dort kannst du mich dann auch antreffen.<\/p>\n<p>Bis dann w\u00fcnsche ich ein sch\u00f6nes Wochenende.<\/p>\n","protected":false},"excerpt":{"rendered":"<p>Ich freue mich sehr \u00fcber die Reaktionen auf meine neue Netzseite, die eingetrudelt sind. Es gab auch Kritik an der Lesbarkeit der Texte. Dazu folgendes: das war eine bewu\u00dfte Entscheidung. Beim Druck ist ma\u00dfgebend das additive Farbmischsystem. Das hei\u00dft mit Schwarz, Magenta, Cyan und Gelb zusammen gibt es Schwarz. Beim Licht ist es gerade anders [&hellip;]<\/p>\n","protected":false},"author":2,"featured_media":0,"comment_status":"open","ping_status":"open","sticky":false,"template":"","format":"standard","meta":[],"categories":[40],"tags":[],"_links":{"self":[{"href":"https:\/\/www.amokfisch.de\/blog\/index.php?rest_route=\/wp\/v2\/posts\/325"}],"collection":[{"href":"https:\/\/www.amokfisch.de\/blog\/index.php?rest_route=\/wp\/v2\/posts"}],"about":[{"href":"https:\/\/www.amokfisch.de\/blog\/index.php?rest_route=\/wp\/v2\/types\/post"}],"author":[{"embeddable":true,"href":"https:\/\/www.amokfisch.de\/blog\/index.php?rest_route=\/wp\/v2\/users\/2"}],"replies":[{"embeddable":true,"href":"https:\/\/www.amokfisch.de\/blog\/index.php?rest_route=%2Fwp%2Fv2%2Fcomments&post=325"}],"version-history":[{"count":1,"href":"https:\/\/www.amokfisch.de\/blog\/index.php?rest_route=\/wp\/v2\/posts\/325\/revisions"}],"predecessor-version":[{"id":326,"href":"https:\/\/www.amokfisch.de\/blog\/index.php?rest_route=\/wp\/v2\/posts\/325\/revisions\/326"}],"wp:attachment":[{"href":"https:\/\/www.amokfisch.de\/blog\/index.php?rest_route=%2Fwp%2Fv2%2Fmedia&parent=325"}],"wp:term":[{"taxonomy":"category","embeddable":true,"href":"https:\/\/www.amokfisch.de\/blog\/index.php?rest_route=%2Fwp%2Fv2%2Fcategories&post=325"},{"taxonomy":"post_tag","embeddable":true,"href":"https:\/\/www.amokfisch.de\/blog\/index.php?rest_route=%2Fwp%2Fv2%2Ftags&post=325"}],"curies":[{"name":"wp","href":"https:\/\/api.w.org\/{rel}","templated":true}]}}