{"id":327,"date":"2009-05-17T20:30:04","date_gmt":"2009-05-17T18:30:04","guid":{"rendered":"http:\/\/www.amokfisch.de\/blog\/?p=327"},"modified":"2009-05-17T20:30:04","modified_gmt":"2009-05-17T18:30:04","slug":"tagebuch-zum-dritten","status":"publish","type":"post","link":"https:\/\/www.amokfisch.de\/blog\/?p=327","title":{"rendered":"Tagebuch zum Dritten"},"content":{"rendered":"<p>17.05.09: Nun habe ich am heiligen Sonntag also Abenddienst im Theaterhaus. Das hei\u00dft ich mu\u00df mich um das Solotheaterst\u00fcck &#8218;Du bist meine Mutter&#8216; mit unserem Schauspieler Stephan Moos und um die Kleine Rockschau mit Michael Gaedt und Michael Schulig k\u00fcmmern. Die Vorstellungen laufen und ich habe nun Zeit, um \u00fcber das Wochenende zu berichten.<\/p>\n<p>Samstag: von 8 bis 12 Uhr war ich auf dem Fellbacher Marktplatz um am SPD-Stand die Leute anzumachen. Viele waren Rentner, einige machten einen gro\u00dfen Bogen um uns, einige wollten nichts wissen. Es nervt ja auch, wenn alle paar Jahre wieder die Leute auf unsere Demokratie aufmerksam gemacht werden. Ich hatte einige gute Gespr\u00e4che insbesondere mit den Genossen und auch meinen ehemaligen Parteifreunden von der gr\u00fcnen Fraktion. Unter Politikern versteht man sich halt besser als unter Normalverbrauchern. Selbst der afrikanische Kollege von den Freien W\u00e4hlern bedachte uns mit Keksen und Kugelschreibern. Also es hat mal wieder Spa\u00df gemacht, Infost\u00e4nde sind so meine Lieblingsbesch\u00e4ftigung. Leider habe ich als Werbefritze auch einen Hang zum Missionieren. Am Abend dann zu Gast am Arbeitsplatz. Patrick Bebelaar, preisgekr\u00f6nter Jazzpianist aus der Region und der Stept\u00e4nzer Thomas Marek. Es waren so um die 50 Besucher da, das Ganze dauerte 70 Minuten. Marek kam kaum zur Ruhe, er verausgabte sich, sehr virtuos, was er bot. Am Ende war sein T-Shirt total durchn\u00e4\u00dft. Bebelaar sch\u00e4tze ich sehr als Musiker, er verarbeitet auch mehr als viele andere Kollegen weltmusikalische Einfl\u00fcsse. Mit Frank Kroll und Bernd Settelmeyer bildet er dazu das Trio Limes X. Medienkonsum an diesem Tag: &#8218;Eine Welt&#8216; im Deutschlandfunk am Mittag mit der Titelmusik\u00a0vom Strada Sextets meines Henri Texier. Wie immer drei 10min\u00fctige Beitr\u00e4ge, Glanzlichter des Journalismus: \u00fcber die Nahost-Politik von Obama (er will in den n\u00e4chsten 4 Jahren Frieden nach Israel und Pal\u00e4stina bringen, geht hier mit viel Energie vor), \u00fcber die Taliban (kamen ja aus Pakistan und wurden von den USA unterst\u00fctzt um die Kommunisten aus Afghanistan zu vertreiben und waren dann nach dem 11. September pl\u00f6tzlich ein Problem f\u00fcr die Weltmacht) und \u00fcber die Einf\u00fchrung von Laienrichtern in Japan. Dann um 17 Uhr &#8218;Markt und Medien&#8216; auch im Deutschlandfunk: Michail Gorbatschoff beschwert sich \u00fcber die Ru\u00dflandberichterstattung in den deutschen Medien, Uwe Vork\u00f6tter wird nach der Stuttgarter Zeitung, Berliner Zeitung und Frankfurter Rundschau wieder Chefredakteur der Berliner Zeitung, in Vanuatu (Pazifikinselstaat) gibt es jetzt endlich schnurlose Telefone.<\/p>\n<p>N\u00e4chsten Dienstag bin ich beim Abendmahl der AnStifter in\u00a0Lorettas Kulturgarage in der R\u00f6merstra\u00dfe. Mehr dann die Tage. Bleib mir treu!<\/p>\n","protected":false},"excerpt":{"rendered":"<p>17.05.09: Nun habe ich am heiligen Sonntag also Abenddienst im Theaterhaus. Das hei\u00dft ich mu\u00df mich um das Solotheaterst\u00fcck &#8218;Du bist meine Mutter&#8216; mit unserem Schauspieler Stephan Moos und um die Kleine Rockschau mit Michael Gaedt und Michael Schulig k\u00fcmmern. Die Vorstellungen laufen und ich habe nun Zeit, um \u00fcber das Wochenende zu berichten. Samstag: [&hellip;]<\/p>\n","protected":false},"author":2,"featured_media":0,"comment_status":"open","ping_status":"open","sticky":false,"template":"","format":"standard","meta":[],"categories":[40],"tags":[],"_links":{"self":[{"href":"https:\/\/www.amokfisch.de\/blog\/index.php?rest_route=\/wp\/v2\/posts\/327"}],"collection":[{"href":"https:\/\/www.amokfisch.de\/blog\/index.php?rest_route=\/wp\/v2\/posts"}],"about":[{"href":"https:\/\/www.amokfisch.de\/blog\/index.php?rest_route=\/wp\/v2\/types\/post"}],"author":[{"embeddable":true,"href":"https:\/\/www.amokfisch.de\/blog\/index.php?rest_route=\/wp\/v2\/users\/2"}],"replies":[{"embeddable":true,"href":"https:\/\/www.amokfisch.de\/blog\/index.php?rest_route=%2Fwp%2Fv2%2Fcomments&post=327"}],"version-history":[{"count":1,"href":"https:\/\/www.amokfisch.de\/blog\/index.php?rest_route=\/wp\/v2\/posts\/327\/revisions"}],"predecessor-version":[{"id":328,"href":"https:\/\/www.amokfisch.de\/blog\/index.php?rest_route=\/wp\/v2\/posts\/327\/revisions\/328"}],"wp:attachment":[{"href":"https:\/\/www.amokfisch.de\/blog\/index.php?rest_route=%2Fwp%2Fv2%2Fmedia&parent=327"}],"wp:term":[{"taxonomy":"category","embeddable":true,"href":"https:\/\/www.amokfisch.de\/blog\/index.php?rest_route=%2Fwp%2Fv2%2Fcategories&post=327"},{"taxonomy":"post_tag","embeddable":true,"href":"https:\/\/www.amokfisch.de\/blog\/index.php?rest_route=%2Fwp%2Fv2%2Ftags&post=327"}],"curies":[{"name":"wp","href":"https:\/\/api.w.org\/{rel}","templated":true}]}}