{"id":3275,"date":"2023-09-03T20:04:27","date_gmt":"2023-09-03T18:04:27","guid":{"rendered":"https:\/\/www.amokfisch.de\/blog\/?p=3275"},"modified":"2023-09-03T20:07:14","modified_gmt":"2023-09-03T18:07:14","slug":"latin-jazz-festival","status":"publish","type":"post","link":"https:\/\/www.amokfisch.de\/blog\/?p=3275","title":{"rendered":"Latin Jazz Festival"},"content":{"rendered":"\n<p>Bereits zum sechsten Mal veranstaltete der aus Bolivien stammende Jazzgitarrist Antonio Cuadros De B\u00e9jar (die Kiste Stuttgart) dieses Festival. Mit tiefgehender Ansprache stellte er die sechs Gruppen vor, die von 7. bis 9. August 2023 im Theaterhaus auftraten. Das Ganze war streckenweise ein musikalisches Spektakel. Begonnen hatte das argentinische Tango Jazz Quartet, das nicht nur Piazzolla-St\u00fccke im Gep\u00e4ck hatte. Sch\u00f6ne Musik und sch\u00f6ne Einzeldarbietungen. Danach spielte das spanische Maria Toro Projekt auf mit Bez\u00fcgen zu Lateinamerika. Toro sang und spielte die Querfl\u00f6te, da\u00df einem warm ums Herz wurde. Es ging hier jedenfalls ab wie Schnitzel. Ein Wiedersehen von Daniel Messina (Stuttgart) war mit gro\u00dfer Sorge verbunden. Der aus Argentinien stammende Schlagzeuger, der immer bei den Latin Affairs in Der Kiste mit Antonio dabei war, hatte kurz nach dem letzten Latin Jazz Festival einen Schlaganfall und mu\u00df mit dem Rollstuhl fahren. Er trommelte jedoch nun mit beiden H\u00e4nden so fulminant, da\u00df seine L\u00e4hmung von der Brust abw\u00e4rts kaum offenbar wurde. Genau, das alte Daniel Messina Trio mit Thomas Rotter am Elektroba\u00df und Ull M\u00f6ck am Klavier gl\u00e4nzte nur so drauf los. Das kleine Festival wurde dann von einem Quintett aus Baden-W\u00fcrttemberg um Messina und De B\u00e9jar abgeschlossen.<\/p>\n","protected":false},"excerpt":{"rendered":"<p>Bereits zum sechsten Mal veranstaltete der aus Bolivien stammende Jazzgitarrist Antonio Cuadros De B\u00e9jar (die Kiste Stuttgart) dieses Festival. Mit tiefgehender Ansprache stellte er die sechs Gruppen vor, die von 7. bis 9. August 2023 im Theaterhaus auftraten. Das Ganze war streckenweise ein musikalisches Spektakel. Begonnen hatte das argentinische Tango Jazz Quartet, das nicht nur [&hellip;]<\/p>\n","protected":false},"author":2,"featured_media":0,"comment_status":"open","ping_status":"open","sticky":false,"template":"","format":"standard","meta":[],"categories":[10,40],"tags":[172,49,222,53,62,55],"_links":{"self":[{"href":"https:\/\/www.amokfisch.de\/blog\/index.php?rest_route=\/wp\/v2\/posts\/3275"}],"collection":[{"href":"https:\/\/www.amokfisch.de\/blog\/index.php?rest_route=\/wp\/v2\/posts"}],"about":[{"href":"https:\/\/www.amokfisch.de\/blog\/index.php?rest_route=\/wp\/v2\/types\/post"}],"author":[{"embeddable":true,"href":"https:\/\/www.amokfisch.de\/blog\/index.php?rest_route=\/wp\/v2\/users\/2"}],"replies":[{"embeddable":true,"href":"https:\/\/www.amokfisch.de\/blog\/index.php?rest_route=%2Fwp%2Fv2%2Fcomments&post=3275"}],"version-history":[{"count":3,"href":"https:\/\/www.amokfisch.de\/blog\/index.php?rest_route=\/wp\/v2\/posts\/3275\/revisions"}],"predecessor-version":[{"id":3278,"href":"https:\/\/www.amokfisch.de\/blog\/index.php?rest_route=\/wp\/v2\/posts\/3275\/revisions\/3278"}],"wp:attachment":[{"href":"https:\/\/www.amokfisch.de\/blog\/index.php?rest_route=%2Fwp%2Fv2%2Fmedia&parent=3275"}],"wp:term":[{"taxonomy":"category","embeddable":true,"href":"https:\/\/www.amokfisch.de\/blog\/index.php?rest_route=%2Fwp%2Fv2%2Fcategories&post=3275"},{"taxonomy":"post_tag","embeddable":true,"href":"https:\/\/www.amokfisch.de\/blog\/index.php?rest_route=%2Fwp%2Fv2%2Ftags&post=3275"}],"curies":[{"name":"wp","href":"https:\/\/api.w.org\/{rel}","templated":true}]}}