{"id":3304,"date":"2024-03-18T21:32:41","date_gmt":"2024-03-18T20:32:41","guid":{"rendered":"https:\/\/www.amokfisch.de\/blog\/?p=3304"},"modified":"2024-05-06T22:08:27","modified_gmt":"2024-05-06T20:08:27","slug":"bewerbung-als-vorstandsvorsitzender","status":"publish","type":"post","link":"https:\/\/www.amokfisch.de\/blog\/?p=3304","title":{"rendered":"Bewerbung als zweiter Vorsitzender"},"content":{"rendered":"\n<p>Liebes Kunstwerk-Mitglied, ich bin der Stadtrat deines Vertrauens: Armin Fischer, K\u00fcnstlername Genosse amokfisch. 56 Jahre alt, ledig, ohne Kinder. Ich m\u00f6chte f\u00fcr die kommenden zwei Jahre und vielleicht danach, wenn ihr wollt, die Geschicke unseres kreativen Vereins moderieren. Selbstverst\u00e4ndlich auf gleicher Augenh\u00f6he, kritisch in der Sache und stets respektvoll. Vorstandserfahrung habe ich zur Gen\u00fcge, haupts\u00e4chlich in der Politik. Im Kuratorium der 16. Triennale Kleinplastik, Mitglied im Kunstverein, Besinnungsweg, Kultour Schmiden, Kulturgemeinschaft Fellbach. Ich male seit 40 Jahren, mache Musik und schreibe, auch f\u00fcr meine zwei Seiten im Netz. Au\u00dferdem bin ich beim Freien Radio f\u00fcr Stuttgart in der Jazzredaktion, die ich mitgegr\u00fcndet habe. Im Theaterhaus bin ich der Plakatarmin. Das Thema, was mich am Meisten umtreibt ist Rassismus und Kolonialismus.<\/p>\n\n\n\n<p>Ich habe einen direkten Draht ins Rathaus, und einige Ideen zum Spendensammeln. Meine Aktivit\u00e4ten beschr\u00e4nken sich derzeit auf Fellbach und ich werde diese z\u00fcgig auf die Region und Baden-W\u00fcrttemberg ausdehnen. Auch schwebt mir eine Busfahrt zur Art Basel vor. Meine Vorbilder sind in erster Linie Vincent van Gogh, Wassily Kandinsky, Willi Baumeister, K.R.H Sonderborg.<\/p>\n\n\n\n<p>Hier findest du meinen genauen Lebenslauf: <a href=\"https:\/\/deref-web.de\/mail\/client\/HC6SciOGfIc\/dereferrer\/?redirectUrl=https%3A%2F%2Fwww.amokfisch.de%2Fblog%2F%3Fpage_id%3D74\" target=\"_blank\" rel=\"noreferrer noopener\">https:\/\/www.amokfisch.de\/blog\/?page_id=74<\/a><\/p>\n\n\n\n<p>Den Rest besprechen wir bei der Jahreshauptversammlung. Du kannst mich auch gerne vorher kontaktieren.<\/p>\n\n\n\n<p>SPD-Stadtrat Armin Fischer (Genosse amokfisch)<br>Listenplatz 7 f\u00fcr den Gemeinderat in Fellbach<br>Diplom-Wirtschaftsingenieur (FH) Werbewirtschaft und Werbetechnik an der FH Druck<br>Buchverlag inzenTRICK und Musikverlag konzenTRICK<br>\u00d6ffentlichkeitsarbeiter im Theaterhaus Stuttgart Vollzeit seit 20 Jahren<br>\u201cdie Fellb\u00e4cherin\u201d jeden dritten Sonntag im Monat von 20 bis 23 Uhr im Freien Radio f\u00fcr Stuttgart<br>Voithstra\u00dfe 9<br>70736 Fellbach<br>0711\/9065029<br><a href=\"https:\/\/deref-web.de\/mail\/client\/T6K2QvEr3ao\/dereferrer\/?redirectUrl=http%3A%2F%2Fwww.rotrosagr%C3%BCn.de\" target=\"_blank\" rel=\"noreferrer noopener\">www.rotrosagr\u00fcn.de<\/a> (linke Fellbach-Seite)<br><a href=\"https:\/\/deref-web.de\/mail\/client\/PifVQT7QAOk\/dereferrer\/?redirectUrl=http%3A%2F%2Fwww.amokfisch.de\" target=\"_blank\" rel=\"noreferrer noopener\">www.amokfisch.de<\/a> (K\u00fcnstler-Seite)<\/p>\n","protected":false},"excerpt":{"rendered":"<p>Liebes Kunstwerk-Mitglied, ich bin der Stadtrat deines Vertrauens: Armin Fischer, K\u00fcnstlername Genosse amokfisch. 56 Jahre alt, ledig, ohne Kinder. Ich m\u00f6chte f\u00fcr die kommenden zwei Jahre und vielleicht danach, wenn ihr wollt, die Geschicke unseres kreativen Vereins moderieren. Selbstverst\u00e4ndlich auf gleicher Augenh\u00f6he, kritisch in der Sache und stets respektvoll. Vorstandserfahrung habe ich zur Gen\u00fcge, haupts\u00e4chlich [&hellip;]<\/p>\n","protected":false},"author":2,"featured_media":0,"comment_status":"open","ping_status":"open","sticky":false,"template":"","format":"standard","meta":[],"categories":[23,40],"tags":[226,15,224,225,227],"_links":{"self":[{"href":"https:\/\/www.amokfisch.de\/blog\/index.php?rest_route=\/wp\/v2\/posts\/3304"}],"collection":[{"href":"https:\/\/www.amokfisch.de\/blog\/index.php?rest_route=\/wp\/v2\/posts"}],"about":[{"href":"https:\/\/www.amokfisch.de\/blog\/index.php?rest_route=\/wp\/v2\/types\/post"}],"author":[{"embeddable":true,"href":"https:\/\/www.amokfisch.de\/blog\/index.php?rest_route=\/wp\/v2\/users\/2"}],"replies":[{"embeddable":true,"href":"https:\/\/www.amokfisch.de\/blog\/index.php?rest_route=%2Fwp%2Fv2%2Fcomments&post=3304"}],"version-history":[{"count":3,"href":"https:\/\/www.amokfisch.de\/blog\/index.php?rest_route=\/wp\/v2\/posts\/3304\/revisions"}],"predecessor-version":[{"id":3308,"href":"https:\/\/www.amokfisch.de\/blog\/index.php?rest_route=\/wp\/v2\/posts\/3304\/revisions\/3308"}],"wp:attachment":[{"href":"https:\/\/www.amokfisch.de\/blog\/index.php?rest_route=%2Fwp%2Fv2%2Fmedia&parent=3304"}],"wp:term":[{"taxonomy":"category","embeddable":true,"href":"https:\/\/www.amokfisch.de\/blog\/index.php?rest_route=%2Fwp%2Fv2%2Fcategories&post=3304"},{"taxonomy":"post_tag","embeddable":true,"href":"https:\/\/www.amokfisch.de\/blog\/index.php?rest_route=%2Fwp%2Fv2%2Ftags&post=3304"}],"curies":[{"name":"wp","href":"https:\/\/api.w.org\/{rel}","templated":true}]}}