{"id":331,"date":"2009-05-26T18:29:32","date_gmt":"2009-05-26T16:29:32","guid":{"rendered":"http:\/\/www.amokfisch.de\/blog\/?p=331"},"modified":"2009-05-26T18:29:32","modified_gmt":"2009-05-26T16:29:32","slug":"tagebuch-nummer-5","status":"publish","type":"post","link":"https:\/\/www.amokfisch.de\/blog\/?p=331","title":{"rendered":"Tagebuch Nummer 5"},"content":{"rendered":"<p>Dienstag, 26.05.09 Nun ist also das nach den olympischen Spielen zweitgr\u00f6\u00dfte Medienspektakel unseres Planeten, das Filmfestival von Cannes, zu Ende.\u00a0Der Stil des Preistr\u00e4gers der Goldenen Palme, des \u00d6sterreichers Michael Haneke, sagt mir nicht zu. Ich habe zwei seiner Filme gesehen, beide mit der Festivalpr\u00e4sidentin Isabelle Huppert, und ich fand die ziemlich \u00e4tzend. Zum Beispiel die Klavierspielerin nach Nobelpreistr\u00e4gerin Elfriede Jelinek. Jedenfalls haben die Leute in Cannes\u00a0Schwerstarbeit geleistet, es gab noch ein Zimmer dieser Tage dort f\u00fcr l\u00e4ppische 25.000 Euro. Also der Markt machts. Die Kritiker mu\u00dften 5 Filme pro Tag absolvieren. Trotzdem haben diese es besser, als die, die Literatur rezensieren. Die brauchen ein bis zwei Tage f\u00fcr ein Buch um dann f\u00fcr einen Artikel dar\u00fcber h\u00f6chstens mal 200 Euro zu bekommen. Deshalb passen diese Leute auch in eine einzige Wohnung des Suhrkamp-Verlags bei der Frankfurter Buchmesse. Man kennt sich und entscheidet \u00fcber den Erfolg von B\u00fcchern, die eh schon beworben werden. Aber auch hier geht es nicht um Kultur, sondern nur ums Gesch\u00e4ft. Ein bescheiden aussehender Autor hat keine Chance.<\/p>\n<p>Freitagabend habe ich mir einen Film von Spaniens Starregisseur Pedro Almodovar auf arte angeguckt. Ich mag ja seine Filme nicht besonders. Auch dieser hatte mal wieder die Transsexualit\u00e4t zum Thema und die Lust der Z\u00f6libadm\u00e4nner an Knaben ist ja auch nichts Neues. &#8218;La mala education&#8216;: ein gut gemachter Film um einen schwulen und nat\u00fcrlich erfolgreichen Regisseur und dem Mord an seinem Internatskumpel.<\/p>\n<p>Samstagmorgen wieder auf dem Markt. Keine besonderen Vorkommnisse. Wir waren mehr Kandidaten, als Leute, die extra zu uns kamen. Dann kam Abends &#8218;Hook&#8216; von Steven Spielberg mit Julia Roberts, Robin Williams und Dustin Hoffmann auf Kabel 1. Trotz dieser Besetzung ein ziemlich banal bunter, aufwendiger Kinderfilm um den erwachsenen Peter Pan. Den Schlu\u00df habe ich nicht mitbekommen, bin eingeschlafen.<\/p>\n<p>Sonntag waren wir 30 bis 40 Leute zum Wei\u00dfwurstfr\u00fchst\u00fcck der SPD beim Reit-und Fahrverein in Fellbach. Sch\u00f6nes Wetter, angenehme Gesellschaft, gute Gespr\u00e4che. Am Abend\u00a0lauschte ich dann dem &#8218;Radio Tango&#8216; im Theaterhaus. Eine Schau um das Stuttgarter Tanzpaar Enrique y Judita, mit einem Tangosextett (Klavier, Bass, 2 Bandoneon und 2 Geigen) und einem S\u00e4nger, der auf gro\u00dfe\u00a0Begeisterung stie\u00df. Der Besuch war zufriedenstellend, die Auff\u00fchrung technisch gut und die Idee um einen Radiomoderator herum, der leider spanisch quasselte, ganz nett. Bemerkenswert immer wieder, da\u00df beim Tango trotz des engen Aneinander keine K\u00fcsse ausgetauscht werden.<\/p>\n<p>Montag abend Vorstandssitzung. Unser Plan, einen Bus mit unserer Werbung fahren zu lassen, scheiterte an der Weigerung der SSB, dies auch Parteien zu erm\u00f6glichen. Wir holen uns dann den Genossen Wolfgang Huber, Landesbischof in Berlin und noch Vorsitzender des\u00a0Rates der evangelischen Kirchen in Deutschland. \u00dcber ihm gibt es nichts, auch keinen Papst, abgesehen vom Weltkirchenrat. Dann wird Martin Schulz kommen (siehe Tagebuch eins) und Wolfgang Drexler (ehemals Generalsekret\u00e4r der S\u00fcdwest-SPD und Landtagsfraktionsvorsitzender) oder Ute Vogt. Es bleibt spannend in Fellbach. Und in zwei Wochen dann die Wahlen. Du mu\u00dft da unbedingt hingehen, auch die Europa-Wahl ist sehr wichtig, es geht um ein Gegengewicht gegen die \u00fcberm\u00e4chtige EU-Kommission. Und wenn du keine Zeit hast, beantrage Briefwahl.<\/p>\n","protected":false},"excerpt":{"rendered":"<p>Dienstag, 26.05.09 Nun ist also das nach den olympischen Spielen zweitgr\u00f6\u00dfte Medienspektakel unseres Planeten, das Filmfestival von Cannes, zu Ende.\u00a0Der Stil des Preistr\u00e4gers der Goldenen Palme, des \u00d6sterreichers Michael Haneke, sagt mir nicht zu. Ich habe zwei seiner Filme gesehen, beide mit der Festivalpr\u00e4sidentin Isabelle Huppert, und ich fand die ziemlich \u00e4tzend. Zum Beispiel die [&hellip;]<\/p>\n","protected":false},"author":2,"featured_media":0,"comment_status":"open","ping_status":"open","sticky":false,"template":"","format":"standard","meta":[],"categories":[40],"tags":[],"_links":{"self":[{"href":"https:\/\/www.amokfisch.de\/blog\/index.php?rest_route=\/wp\/v2\/posts\/331"}],"collection":[{"href":"https:\/\/www.amokfisch.de\/blog\/index.php?rest_route=\/wp\/v2\/posts"}],"about":[{"href":"https:\/\/www.amokfisch.de\/blog\/index.php?rest_route=\/wp\/v2\/types\/post"}],"author":[{"embeddable":true,"href":"https:\/\/www.amokfisch.de\/blog\/index.php?rest_route=\/wp\/v2\/users\/2"}],"replies":[{"embeddable":true,"href":"https:\/\/www.amokfisch.de\/blog\/index.php?rest_route=%2Fwp%2Fv2%2Fcomments&post=331"}],"version-history":[{"count":2,"href":"https:\/\/www.amokfisch.de\/blog\/index.php?rest_route=\/wp\/v2\/posts\/331\/revisions"}],"predecessor-version":[{"id":339,"href":"https:\/\/www.amokfisch.de\/blog\/index.php?rest_route=\/wp\/v2\/posts\/331\/revisions\/339"}],"wp:attachment":[{"href":"https:\/\/www.amokfisch.de\/blog\/index.php?rest_route=%2Fwp%2Fv2%2Fmedia&parent=331"}],"wp:term":[{"taxonomy":"category","embeddable":true,"href":"https:\/\/www.amokfisch.de\/blog\/index.php?rest_route=%2Fwp%2Fv2%2Fcategories&post=331"},{"taxonomy":"post_tag","embeddable":true,"href":"https:\/\/www.amokfisch.de\/blog\/index.php?rest_route=%2Fwp%2Fv2%2Ftags&post=331"}],"curies":[{"name":"wp","href":"https:\/\/api.w.org\/{rel}","templated":true}]}}