{"id":333,"date":"2009-06-02T14:59:36","date_gmt":"2009-06-02T12:59:36","guid":{"rendered":"http:\/\/www.amokfisch.de\/blog\/?p=333"},"modified":"2009-06-02T15:01:13","modified_gmt":"2009-06-02T13:01:13","slug":"tagebuch-nummer-6","status":"publish","type":"post","link":"https:\/\/www.amokfisch.de\/blog\/?p=333","title":{"rendered":"Tagebuch Nummer 6"},"content":{"rendered":"<p>Dienstag, 02.06.09. Nun ist schon wieder eine Woche rum. Am Donnerstag war unsere letzte Wahlkampfveranstaltung im Wienerwald im Lindle an der Stadtgrenze zu Stuttgart (alte B 14, Stadtbahnlinie 1 Beskidenstra\u00dfe). Es gab einen Vortrag von Regionalrat Thomas Leipnitz, der Vorsitzender der SPD in der Region Stuttgart und Verkehrsexperte ist. Das Regionalparlament k\u00fcmmert sich um den Verkehr (S-Bahn), die Wirtschaftsf\u00f6rderung und den Regionalplan und steht auch zur Wahl am n\u00e4chsten Sonntag. Hier gibt es nur eine Stimme, die Listen sind von den Parteien festgelegt. Mehr zu dem Thema kannst du dem Mitschnitt meiner volxmusik-Sendung mit Harald Ra\u00df entnehmen, den ich dir gerne zuschicke.<\/p>\n<p>Freitag abend Auftakt des Bundestreffens der Eine-Welt-Foren der SPD in Heslach. Mit zu Gange Ute Vogt, die dienst\u00e4lteste Bundesministerin Heidemarie Wieczorek-Zeul und Evelyn Gebhardt aus dem Europa-Parlament. Die geballte Frauenkraft gab engagierte und interessante Vortr\u00e4ge zum Besten. Heidemarie ist nun schon seit 12 Jahren Ministerin f\u00fcr wirtschaftliche Zusammenarbeit und Entwicklung, genau so lange, wie die FDP im Bund in der Opposition ist. Bei der letzten Bundestagswahl wollte schwarzgelb dieses Ministerium abschaffen&#8230; Und es kommen Stimmen von Afrikanern auf, die viel Medienecho erhalten, alle Entwicklungshilfe radikal zu beenden. Diese Meinung von einzelnen ist aber nach Heidemarie nicht repr\u00e4sentativ f\u00fcr die Bev\u00f6lkerung in den betroffenen Staaten. Jedenfalls sind wir im Bund auf einem guten Weg und werden in ein paar Jahren die alte Forderung von 0,7 Prozent des deutschen Bruttosozialprodukts f\u00fcr die \u00e4rmsten L\u00e4nder\u00a0erreichen. Besorgniserregend ist auch, da\u00df die Zahl der Hungernden durch die Weltkrise stark zunimmt und bei fast 1 Milliarde Menschen angekommen ist. Es gab ein \u00fcppiges Buffet im Anschlu\u00df.<\/p>\n<p>Samstag morgen um 10 Uhr ging es weiter, die Prominenz war nicht mehr anwesend und die Zuh\u00f6rerschaft wesentlich weniger. Es gab ein Podium mit dem Bundestagsabgeordneten Josip Juratovic aus Heilbronn, dem Stuttgarter SPD-Fraktionsvorsitzenden (Gemeinderat) Manfred Kanzleiter, Bosch-Betriebsrat Udo Lutz und Reinhard Hauff von der evangelischen Kirche. Josip war lange Jahre am Flie\u00dfband und Betriebsrat, Manfred gab einen \u00dcberblick \u00fcber die Nachhaltigkeit in Stuttgart, Udo schilderte die Schwierigkeiten bei der Aktivierung eines Weltbetriebsrates (das Kapital ist weltweit besser organisiert als die Arbeiter) und Reinhard, der\u00a0im Herbst in meiner Sendung sein wird, war ein kritischer und kompetenter Zwischenrufer. Zum Beispiel beschwerte er sich dar\u00fcber, da\u00df Daimler als Sponsor des Kirchentages verhinderte, da\u00df dort ein von Ingenieuren entwickeltes Auto mit dem Verbrauch von 1,5 Liter auf 100 km pr\u00e4sentiert werden durfte (<a href=\"http:\/\/www.lumomobil.de\">www.lumomobil.de<\/a>). Anschlie\u00dfend habe ich mir auf dem Heimweg die Wochenendtaz gekauft (Kritik daran folgt). Am Abend mit Markus und Egmont den zweiten Teil unserer Jazzgeschichte als Sendung (mein Teil war Lester Young und Coleman Hawkins).<\/p>\n<p>Sonntag dann der Geburtstag meines Vaters und von Gerlinde. War alles sehr entspannt.<\/p>\n<p>Montag Schiffahrt auf dem Neckar von Bad Cannstatt nach Marbach mit der SPD in der Region, hat mich ein bi\u00dfchen genervt. Am Abend noch Redaktionssitzung Modulator (Programmheft des Freien Radios).<\/p>\n<p>Heute abend bin ich in der Alten Kelter in Bietigheim bei einer Rede von Martin Schulz, kommenden Donnerstag 17:30 Uhr Redaktionssitzung AnStifterFunken im Theaterhaus-Biergarten. Freitag habe ich Abenddienst, Samstag bin ich auf dem Fellbacher Markt am Rathaus von 8 bis 12 Uhr, abends auf Sendung\u00a0von 19 bis 21 Uhr zum Sommerfestival der Kulturen, Sonntag beim Fischerwandertag in Beilstein.<\/p>\n","protected":false},"excerpt":{"rendered":"<p>Dienstag, 02.06.09. Nun ist schon wieder eine Woche rum. Am Donnerstag war unsere letzte Wahlkampfveranstaltung im Wienerwald im Lindle an der Stadtgrenze zu Stuttgart (alte B 14, Stadtbahnlinie 1 Beskidenstra\u00dfe). Es gab einen Vortrag von Regionalrat Thomas Leipnitz, der Vorsitzender der SPD in der Region Stuttgart und Verkehrsexperte ist. Das Regionalparlament k\u00fcmmert sich um den [&hellip;]<\/p>\n","protected":false},"author":2,"featured_media":0,"comment_status":"open","ping_status":"open","sticky":false,"template":"","format":"standard","meta":[],"categories":[40],"tags":[],"_links":{"self":[{"href":"https:\/\/www.amokfisch.de\/blog\/index.php?rest_route=\/wp\/v2\/posts\/333"}],"collection":[{"href":"https:\/\/www.amokfisch.de\/blog\/index.php?rest_route=\/wp\/v2\/posts"}],"about":[{"href":"https:\/\/www.amokfisch.de\/blog\/index.php?rest_route=\/wp\/v2\/types\/post"}],"author":[{"embeddable":true,"href":"https:\/\/www.amokfisch.de\/blog\/index.php?rest_route=\/wp\/v2\/users\/2"}],"replies":[{"embeddable":true,"href":"https:\/\/www.amokfisch.de\/blog\/index.php?rest_route=%2Fwp%2Fv2%2Fcomments&post=333"}],"version-history":[{"count":3,"href":"https:\/\/www.amokfisch.de\/blog\/index.php?rest_route=\/wp\/v2\/posts\/333\/revisions"}],"predecessor-version":[{"id":336,"href":"https:\/\/www.amokfisch.de\/blog\/index.php?rest_route=\/wp\/v2\/posts\/333\/revisions\/336"}],"wp:attachment":[{"href":"https:\/\/www.amokfisch.de\/blog\/index.php?rest_route=%2Fwp%2Fv2%2Fmedia&parent=333"}],"wp:term":[{"taxonomy":"category","embeddable":true,"href":"https:\/\/www.amokfisch.de\/blog\/index.php?rest_route=%2Fwp%2Fv2%2Fcategories&post=333"},{"taxonomy":"post_tag","embeddable":true,"href":"https:\/\/www.amokfisch.de\/blog\/index.php?rest_route=%2Fwp%2Fv2%2Ftags&post=333"}],"curies":[{"name":"wp","href":"https:\/\/api.w.org\/{rel}","templated":true}]}}