{"id":3380,"date":"2025-06-09T22:11:01","date_gmt":"2025-06-09T20:11:01","guid":{"rendered":"https:\/\/www.amokfisch.de\/blog\/?p=3380"},"modified":"2025-06-09T22:11:01","modified_gmt":"2025-06-09T20:11:01","slug":"die-naechste-galeere","status":"publish","type":"post","link":"https:\/\/www.amokfisch.de\/blog\/?p=3380","title":{"rendered":"Die n\u00e4chste Galeere"},"content":{"rendered":"\n<p>Freitag 13. Juni 2025 von 9 bis 11 Uhr morgens im Freien Radio f\u00fcr Stuttgart (weltweit und Mediathek \u00fcber <a rel=\"noreferrer noopener\" href=\"https:\/\/deref-web.de\/mail\/client\/WjG-WJ83WTA\/dereferrer\/?redirectUrl=https%3A%2F%2Fwww.freies-radio.de\" target=\"_blank\">www.freies-radio.de<\/a> und in ganz Fellbach \u00fcber Antenne 99,2) Heute durch die \u201eGaleere\u201c einige Anmerkungen und Musiken zum hunderte Jahre lang (von D\u00e4nemark) \u201ekolonisierten\u201c Norwegen. Man kennt ja Fjorde, Berge, Melancholie. Garbarek, Grieg, Motorpsycho. Und zweitens zum ebenfalls lange (durch Schweden) besetzten Finnland: Tango und Kaurism\u00e4ki, viele Seen und Rentiere. Als Gastmoderator ist Egmont M\u00fcller eingeladen. (selbst ein halber Wikinger). Finnl\u00e4nderinnen und Norwegerinnen stehen laut Weltgl\u00fccklichkeitsbericht ganz oben in der g\u00f6ttlichen Gunst. Haben die&#8217;s gut. Der Genosse amokfisch (Armin Fischer) l\u00e4dt ein.<\/p>\n","protected":false},"excerpt":{"rendered":"<p>Freitag 13. Juni 2025 von 9 bis 11 Uhr morgens im Freien Radio f\u00fcr Stuttgart (weltweit und Mediathek \u00fcber www.freies-radio.de und in ganz Fellbach \u00fcber Antenne 99,2) Heute durch die \u201eGaleere\u201c einige Anmerkungen und Musiken zum hunderte Jahre lang (von D\u00e4nemark) \u201ekolonisierten\u201c Norwegen. Man kennt ja Fjorde, Berge, Melancholie. Garbarek, Grieg, Motorpsycho. Und zweitens zum [&hellip;]<\/p>\n","protected":false},"author":2,"featured_media":0,"comment_status":"open","ping_status":"open","sticky":false,"template":"","format":"standard","meta":[],"categories":[234,40],"tags":[52,124,235,55],"_links":{"self":[{"href":"https:\/\/www.amokfisch.de\/blog\/index.php?rest_route=\/wp\/v2\/posts\/3380"}],"collection":[{"href":"https:\/\/www.amokfisch.de\/blog\/index.php?rest_route=\/wp\/v2\/posts"}],"about":[{"href":"https:\/\/www.amokfisch.de\/blog\/index.php?rest_route=\/wp\/v2\/types\/post"}],"author":[{"embeddable":true,"href":"https:\/\/www.amokfisch.de\/blog\/index.php?rest_route=\/wp\/v2\/users\/2"}],"replies":[{"embeddable":true,"href":"https:\/\/www.amokfisch.de\/blog\/index.php?rest_route=%2Fwp%2Fv2%2Fcomments&post=3380"}],"version-history":[{"count":1,"href":"https:\/\/www.amokfisch.de\/blog\/index.php?rest_route=\/wp\/v2\/posts\/3380\/revisions"}],"predecessor-version":[{"id":3381,"href":"https:\/\/www.amokfisch.de\/blog\/index.php?rest_route=\/wp\/v2\/posts\/3380\/revisions\/3381"}],"wp:attachment":[{"href":"https:\/\/www.amokfisch.de\/blog\/index.php?rest_route=%2Fwp%2Fv2%2Fmedia&parent=3380"}],"wp:term":[{"taxonomy":"category","embeddable":true,"href":"https:\/\/www.amokfisch.de\/blog\/index.php?rest_route=%2Fwp%2Fv2%2Fcategories&post=3380"},{"taxonomy":"post_tag","embeddable":true,"href":"https:\/\/www.amokfisch.de\/blog\/index.php?rest_route=%2Fwp%2Fv2%2Ftags&post=3380"}],"curies":[{"name":"wp","href":"https:\/\/api.w.org\/{rel}","templated":true}]}}