{"id":342,"date":"2009-06-12T19:01:48","date_gmt":"2009-06-12T17:01:48","guid":{"rendered":"http:\/\/www.amokfisch.de\/blog\/?p=342"},"modified":"2009-06-12T19:01:48","modified_gmt":"2009-06-12T17:01:48","slug":"tagebuch-sieben","status":"publish","type":"post","link":"https:\/\/www.amokfisch.de\/blog\/?p=342","title":{"rendered":"Tagebuch Sieben"},"content":{"rendered":"<p>Freitag, 12. Juni 2009\u00a0 Der Mi\u00dferfolg bei der Wahl r\u00fchrt daher, da\u00df mich in Fellbach kaum einer kennt. Jetzt mu\u00df ich halt \u00f6fters Leserbriefe schreiben und mich bei den \u00f6rtlichen Kulturveranstaltungen sehen lassen. Auch die Gemeinderatssitzungen will ich mir, soweit es geht, reinziehen. Bei uns wurde nur nach Bekanntheitsgrad und nicht nach politischem Talent gew\u00e4hlt. Gestern habe ich mir den Film &#8218;Sommer 04&#8216; mit Martina Gedeck angeschaut. Wer sich ein Segelboot leisten und mit Amis reden will, die man kaum versteht, ist hier richtig. Deshalb auch hier keine Kritik.<\/p>\n<p>Mittwoch habe ich mir die dritte Inszenierung unserer Tanzkompanie &#8218;Four Play&#8216; angeschaut. Erst die zweite Veranstaltung dieser Art, die nicht ausverkauft war. Aber die Begeisterung im Publikum war \u00fcberw\u00e4ltigend. Die sechs T\u00e4nzer haben echt eine gro\u00dfartige Darstellung geboten. Sehr Abwechslungsreich auch die 6 Choreographien. Vom spartanisch ausgestatteten Anfang mit Lisa und\u00a0Anja bis zum bunten St\u00fcck mit allen wurde es nie langweilig. Eric Gauthier hatte auch etwas beigesteuert, war aber diesmal nicht auf der B\u00fchne. Das vierte Programm &#8218;Out of the box&#8216; hat am n\u00e4chsten Freitag, 19. Juni Premiere. Dann gehen wir von Halle 1 (1000 Pl\u00e4tze) in\u00a0Halle 3 (280 Pl\u00e4tze).<\/p>\n<p>Jetzt zieht langsam die Krise bei uns ein. Die n\u00e4chsten Caveman-Vorstellungen sind auch nicht ausverkauft, ein schlechtes Zeichen. Seit nunmehr 8 Jahren zieht dieses St\u00fcck mit dem Dauerdarsteller Martin Luding die Region in Bann. Aber irgendwann hat jeder hier das St\u00fcck mehrmals gesehen, die Frage ist, wer nach der Kleinen Tierschau und danach Caveman nun das Theaterhaus finanzieren soll.<\/p>\n<p>Dienstag gab es ein lockeres Beisammensein mit einigen der Kandidaten, die auf unserer Liste waren. Abends dann AnStifterFunken Nummer 6 mit Ralf Bogen und Ebbe K\u00f6gel zum Hotel Silber. Ebbe hatte sich wieder gut vorbereitet und die zweite Stunde aus dem Stehgreif gesprochen.<\/p>\n<p>Montag Abendmahl bei Loretta. Im Mittelpunkt stand nach der Einf\u00fchrung von Hariis (alter Bekannter aus meinen gr\u00fcnen Tagen) das Buch von Peter &#8218;Schiller als Sch\u00fcler&#8216; im Mittelpunkt. Ich frage mich manchmal, wer sich um die Schillers der Gegenwart k\u00fcmmert. Ich bin dann fr\u00fcher gegangen.<\/p>\n<p>Samstag wiederum davor habe ich vier Studierende und zwei Doktoren mir ins Radio eingeladen um \u00fcber die Abwicklung der Geistes- und Sozialwissenschaften zu berichten. Eine runde Geschichte, alle waren zufrieden. Mitschnitt gerne per Post, wie gehabt.<\/p>\n<p>Donnerstag davor Treff der AnStifter, die zum Gemeinderat in Stuttgart kandidierten. Peter Grohmann moderierte und mit dabei die Fraktionsvorsitzenden Muhterem Aras (Gr\u00fcne) und Manfred Kanzleiter (SPD). Ebenfalls Ulrike K\u00fcstler von der PDS und Hannes Rockenbauch vom S\u00d6S, die ja jetzt nicht mehr alleine sind. Peter Conradi, SPD-MdB im Ruhestand, schlug vor, dieses Treffen jedes Quartal abzuhalten. Ein Vorschlag, der auf Zustimmung stie\u00df.<\/p>\n","protected":false},"excerpt":{"rendered":"<p>Freitag, 12. Juni 2009\u00a0 Der Mi\u00dferfolg bei der Wahl r\u00fchrt daher, da\u00df mich in Fellbach kaum einer kennt. Jetzt mu\u00df ich halt \u00f6fters Leserbriefe schreiben und mich bei den \u00f6rtlichen Kulturveranstaltungen sehen lassen. Auch die Gemeinderatssitzungen will ich mir, soweit es geht, reinziehen. Bei uns wurde nur nach Bekanntheitsgrad und nicht nach politischem Talent gew\u00e4hlt. [&hellip;]<\/p>\n","protected":false},"author":2,"featured_media":0,"comment_status":"open","ping_status":"open","sticky":false,"template":"","format":"standard","meta":[],"categories":[40],"tags":[],"_links":{"self":[{"href":"https:\/\/www.amokfisch.de\/blog\/index.php?rest_route=\/wp\/v2\/posts\/342"}],"collection":[{"href":"https:\/\/www.amokfisch.de\/blog\/index.php?rest_route=\/wp\/v2\/posts"}],"about":[{"href":"https:\/\/www.amokfisch.de\/blog\/index.php?rest_route=\/wp\/v2\/types\/post"}],"author":[{"embeddable":true,"href":"https:\/\/www.amokfisch.de\/blog\/index.php?rest_route=\/wp\/v2\/users\/2"}],"replies":[{"embeddable":true,"href":"https:\/\/www.amokfisch.de\/blog\/index.php?rest_route=%2Fwp%2Fv2%2Fcomments&post=342"}],"version-history":[{"count":1,"href":"https:\/\/www.amokfisch.de\/blog\/index.php?rest_route=\/wp\/v2\/posts\/342\/revisions"}],"predecessor-version":[{"id":343,"href":"https:\/\/www.amokfisch.de\/blog\/index.php?rest_route=\/wp\/v2\/posts\/342\/revisions\/343"}],"wp:attachment":[{"href":"https:\/\/www.amokfisch.de\/blog\/index.php?rest_route=%2Fwp%2Fv2%2Fmedia&parent=342"}],"wp:term":[{"taxonomy":"category","embeddable":true,"href":"https:\/\/www.amokfisch.de\/blog\/index.php?rest_route=%2Fwp%2Fv2%2Fcategories&post=342"},{"taxonomy":"post_tag","embeddable":true,"href":"https:\/\/www.amokfisch.de\/blog\/index.php?rest_route=%2Fwp%2Fv2%2Ftags&post=342"}],"curies":[{"name":"wp","href":"https:\/\/api.w.org\/{rel}","templated":true}]}}