{"id":353,"date":"2009-06-22T14:27:37","date_gmt":"2009-06-22T12:27:37","guid":{"rendered":"http:\/\/www.amokfisch.de\/blog\/?p=353"},"modified":"2009-06-22T14:27:37","modified_gmt":"2009-06-22T12:27:37","slug":"tagebuch-nummer-8","status":"publish","type":"post","link":"https:\/\/www.amokfisch.de\/blog\/?p=353","title":{"rendered":"Tagebuch Nummer 8"},"content":{"rendered":"<p>Montag, 22.06.09\u00a0 Am Mittwoch war der Auftakt zur Bundestagswahl im Wahlkreis Waiblingen (im dortigen B\u00fcrgerzentrum) mit dem Bundestagsabgeordneten Dr. Hermann Scheer (65) von der SPD. Er sitzt seit nun 29 Jahren im Parlament und hat nie ein Regierungsamt bekleidet. Der letzte Zuschlag zum Umweltminister kam gegen\u00a0ihn Sigmar Gabriel zugute. Hermann ist auf der Landesliste weit oben abgesichert, so da\u00df er in der n\u00e4chsten Legislatur noch vier Jahre bis zu seiner wohlverdienten Rente im Bundestag sitzen wird. Vielen B\u00fcrgerinnen ist er durch seinen Einsatz f\u00fcr die erneuerbaren Energien bekannt, wof\u00fcr er auch unter anderem den alternativen Nobelpreis bekam. Der Pr\u00e4sident von Eurosolar hielt eine mitrei\u00dfende 90min\u00fctige freie Rede zur aktuellen politischen Situation. Die drei Krisen, die in den letzten Jahren im Brennpunkt der Welt\u00f6ffentlichkeit standen, m\u00fcssen alle gleichzeitig gel\u00f6st werden, nicht nacheinander. Das waren 2007 die Klimakatastrophe, 2008 die Rohstoffkrise und dieses Jahr die Finanzkrise. Hermann war von Anfang an gegen das Bauprojekt Stuttgart 21 und auch gegen die Bahnprivatisierung.\u00a0Mit der Verhinderung des Nordostrings auf dem Schmidener Feld hat er sich gro\u00dfe Verdienste erworben. Nach dem Vortrag beantwortete er noch Fragen der Zuh\u00f6rerinnen, die mit gro\u00dfem\u00a0Interesse lauschten.<\/p>\n<p>Gestern, am Sonntag, folgte ich einem zweist\u00fcndigen Abendgottesdienst in der evangelischen Dionysiuskirche in Schmiden. Anl\u00e4\u00dflich des 15j\u00e4hrigen Jubil\u00e4ums des Fellbacher Weltladens stand dort Afrika im Mittelpunkt. Vier rosah\u00e4utige Frauen umrahmten den Abend mit afrikanischen Trommeln und Gesang. Die Predigt kam vom Fellbacher Pfarrer Amedeus Macha (Tansania). Der Sprecher des Vereins f\u00fcr eine gerechte Welt, Winfried Bauer, erl\u00e4uterte anschlie\u00dfend der gutbesuchten Gemeinde die Zusammenh\u00e4nge des fairen Handels an Beispielen. Schade, da\u00df au\u00dfer drei Afrikanerinnen nur Einheimische teilnahmen. Mir pers\u00f6nlich stellt sich auch hier die Frage, ob Afrika das Christentum braucht (das gilt auch f\u00fcr den Islam).<\/p>\n","protected":false},"excerpt":{"rendered":"<p>Montag, 22.06.09\u00a0 Am Mittwoch war der Auftakt zur Bundestagswahl im Wahlkreis Waiblingen (im dortigen B\u00fcrgerzentrum) mit dem Bundestagsabgeordneten Dr. Hermann Scheer (65) von der SPD. Er sitzt seit nun 29 Jahren im Parlament und hat nie ein Regierungsamt bekleidet. Der letzte Zuschlag zum Umweltminister kam gegen\u00a0ihn Sigmar Gabriel zugute. Hermann ist auf der Landesliste weit [&hellip;]<\/p>\n","protected":false},"author":2,"featured_media":0,"comment_status":"open","ping_status":"open","sticky":false,"template":"","format":"standard","meta":[],"categories":[40],"tags":[],"_links":{"self":[{"href":"https:\/\/www.amokfisch.de\/blog\/index.php?rest_route=\/wp\/v2\/posts\/353"}],"collection":[{"href":"https:\/\/www.amokfisch.de\/blog\/index.php?rest_route=\/wp\/v2\/posts"}],"about":[{"href":"https:\/\/www.amokfisch.de\/blog\/index.php?rest_route=\/wp\/v2\/types\/post"}],"author":[{"embeddable":true,"href":"https:\/\/www.amokfisch.de\/blog\/index.php?rest_route=\/wp\/v2\/users\/2"}],"replies":[{"embeddable":true,"href":"https:\/\/www.amokfisch.de\/blog\/index.php?rest_route=%2Fwp%2Fv2%2Fcomments&post=353"}],"version-history":[{"count":1,"href":"https:\/\/www.amokfisch.de\/blog\/index.php?rest_route=\/wp\/v2\/posts\/353\/revisions"}],"predecessor-version":[{"id":354,"href":"https:\/\/www.amokfisch.de\/blog\/index.php?rest_route=\/wp\/v2\/posts\/353\/revisions\/354"}],"wp:attachment":[{"href":"https:\/\/www.amokfisch.de\/blog\/index.php?rest_route=%2Fwp%2Fv2%2Fmedia&parent=353"}],"wp:term":[{"taxonomy":"category","embeddable":true,"href":"https:\/\/www.amokfisch.de\/blog\/index.php?rest_route=%2Fwp%2Fv2%2Fcategories&post=353"},{"taxonomy":"post_tag","embeddable":true,"href":"https:\/\/www.amokfisch.de\/blog\/index.php?rest_route=%2Fwp%2Fv2%2Ftags&post=353"}],"curies":[{"name":"wp","href":"https:\/\/api.w.org\/{rel}","templated":true}]}}