{"id":357,"date":"2009-07-01T14:22:14","date_gmt":"2009-07-01T12:22:14","guid":{"rendered":"http:\/\/www.amokfisch.de\/blog\/?p=357"},"modified":"2009-07-01T14:22:14","modified_gmt":"2009-07-01T12:22:14","slug":"tagebuch-9","status":"publish","type":"post","link":"https:\/\/www.amokfisch.de\/blog\/?p=357","title":{"rendered":"Tagebuch 9"},"content":{"rendered":"<p>Mittwoch, 1. Juli\u00a0 Letzten Donnerstag Mitgliederversammlung der SPD Fellbach. Nachbetrachtung der Wahlen vom 17. Juni\u00a0und Ausblick auf die Bundestagswahl. Die SPD im Bund mu\u00df m\u00f6glichst stark werden, um regieren zu k\u00f6nnen. Die H\u00e4lfte der Mitglieder will keine Koalition mit der FDP. Die Wahl wird wohl erst am Ende entschieden.<\/p>\n<p>Freitag Konzert in der Liederhalle mit dem Radiosinfonieorchester des SWR und Kompositionen von Eunesco, Dvorak und Grieg.<\/p>\n<p>Montag Abendmahl der AnStifter: es gab eine Pr\u00e4sentation von zwei Abiturienten, die nach Brasilien wollen um dort die POEMA-Kontaktmenschen mit einer Kamera aufzunehmen. Sie brauchen noch finanzielle Unterst\u00fctzung.<\/p>\n<p>Dienstag Erster Tag des Sommerfestival der Kulturen. Es gab zwei Konzerte. Erstes mit einer Mischung aus SKA und New Orleans Jazz und ein bi\u00dfchen Balkanmusik, zweites mit Natacha Atlas und einem arabischen Ensemble. Sie sang nicht viel, es gab klassische arabische Musik aus den 50ern (nichts von Om Kalthoum).<\/p>\n","protected":false},"excerpt":{"rendered":"<p>Mittwoch, 1. Juli\u00a0 Letzten Donnerstag Mitgliederversammlung der SPD Fellbach. Nachbetrachtung der Wahlen vom 17. Juni\u00a0und Ausblick auf die Bundestagswahl. Die SPD im Bund mu\u00df m\u00f6glichst stark werden, um regieren zu k\u00f6nnen. Die H\u00e4lfte der Mitglieder will keine Koalition mit der FDP. Die Wahl wird wohl erst am Ende entschieden. Freitag Konzert in der Liederhalle mit [&hellip;]<\/p>\n","protected":false},"author":2,"featured_media":0,"comment_status":"open","ping_status":"open","sticky":false,"template":"","format":"standard","meta":[],"categories":[40],"tags":[],"_links":{"self":[{"href":"https:\/\/www.amokfisch.de\/blog\/index.php?rest_route=\/wp\/v2\/posts\/357"}],"collection":[{"href":"https:\/\/www.amokfisch.de\/blog\/index.php?rest_route=\/wp\/v2\/posts"}],"about":[{"href":"https:\/\/www.amokfisch.de\/blog\/index.php?rest_route=\/wp\/v2\/types\/post"}],"author":[{"embeddable":true,"href":"https:\/\/www.amokfisch.de\/blog\/index.php?rest_route=\/wp\/v2\/users\/2"}],"replies":[{"embeddable":true,"href":"https:\/\/www.amokfisch.de\/blog\/index.php?rest_route=%2Fwp%2Fv2%2Fcomments&post=357"}],"version-history":[{"count":1,"href":"https:\/\/www.amokfisch.de\/blog\/index.php?rest_route=\/wp\/v2\/posts\/357\/revisions"}],"predecessor-version":[{"id":358,"href":"https:\/\/www.amokfisch.de\/blog\/index.php?rest_route=\/wp\/v2\/posts\/357\/revisions\/358"}],"wp:attachment":[{"href":"https:\/\/www.amokfisch.de\/blog\/index.php?rest_route=%2Fwp%2Fv2%2Fmedia&parent=357"}],"wp:term":[{"taxonomy":"category","embeddable":true,"href":"https:\/\/www.amokfisch.de\/blog\/index.php?rest_route=%2Fwp%2Fv2%2Fcategories&post=357"},{"taxonomy":"post_tag","embeddable":true,"href":"https:\/\/www.amokfisch.de\/blog\/index.php?rest_route=%2Fwp%2Fv2%2Ftags&post=357"}],"curies":[{"name":"wp","href":"https:\/\/api.w.org\/{rel}","templated":true}]}}