{"id":368,"date":"2009-07-10T20:46:33","date_gmt":"2009-07-10T18:46:33","guid":{"rendered":"http:\/\/www.amokfisch.de\/blog\/?p=368"},"modified":"2009-07-10T20:46:33","modified_gmt":"2009-07-10T18:46:33","slug":"tagebuch-zehn","status":"publish","type":"post","link":"https:\/\/www.amokfisch.de\/blog\/?p=368","title":{"rendered":"Tagebuch Zehn"},"content":{"rendered":"<p>Freitag, 10. Juli\u00a0 Der Info-Stand des Freien Radio auf dem Marktplatz zum Sommerfestival der Kulturen hat wieder m\u00e4chtig Spa\u00df gemacht. Gespr\u00e4che mit alten Bekannten und neuen Gesichtern, auch der Austausch mit den anderen Sendungsmachenden war spannend. Das Wetter war gut, bis auf den Regengu\u00df am Freitag abend, der aber nach dem dritten St\u00fcck der ersten Band aufh\u00f6rte. Alle Gruppen waren mit einer gl\u00fccklichen Hand des Organisators Rolf Graser ausgew\u00e4hlt. Ich kann Rolf zum Abschlu\u00df nur zustimmen, dies war das bisher beste Festival dieser Art in Stuttgart. Hoffentlich f\u00e4llt es n\u00e4chstes Jahr wie bereits 2006 nicht wieder der Fu\u00dfball-WM zum Opfer. Der H\u00f6hepunkt war klar das Konzert von Hugh Masekela\u00a0(lese\u00a0dazu meine Extra-Kritik).<\/p>\n<p>Letzten Samstag die Sendung mit Vahid Matejko. Seine neue\u00a0Kompaktscheibe &#8218;Light of Unity&#8216; ist echt gigantisch. Vorher wollten wir in die Sauna, hat nicht geklappt, daf\u00fcr waren wir zum Essen im Waldheim Gaisburg. F\u00fcr meine volxmusik war Vahid extra aus K\u00f6ln angereist. Die Resonanz zur Sendung war bisher sehr positiv. Dickes Lob von Radio-Vorstand Ines&#8216; Mutter und von Egmont. Sein\u00a0Album kannst du\u00a0im Laden im ganzen Bundesgebiet\u00a0erwerben oder unter <a href=\"http:\/\/www.vahidmatejko.eu\">www.vahidmatejko.eu<\/a>. Gerne schicke ich dir auch einen Sendungsmitschnitt zu. Dies gilt auch f\u00fcr \u00e4ltere Sendungen von mir.<\/p>\n<p>Sonntag dann die Baby-Party von meinem T\u00e4nzerkollegen Armando Braswell (Brooklyn), dessen Frau Lisa ist schwanger. Gutes Essen und Trinken, sch\u00f6n viel Platz im anliegenden Garten der Firma im Stuttgarter Westen, wo Braswells wohnen. Und die G\u00e4ste durchweg gut gelaunt und nett und offen. Ich habe mich sehr wohl gef\u00fchlt. Selbst Theaterhaus-Intendant und mein Chef Werner Schretzmeier kam vorbei.<\/p>\n<p>Montag und Dienstag danach Seminar in der Evangelischen Akademie Bad Boll zum Thema CSR.\u00a0 Gesponsert von der Hans-B\u00f6ckler-Stiftung (gewerkschaftsnah) wurde das Thema durchleuchtet,\u00a0die Veranstaltung\u00a0war allerdings auch schlecht besucht. CSR steht f\u00fcr Corporate Social Responsability und\u00a0meint nachhaltiges Wirtschaften in der Industrie. Studienleiter Jobst Kraus hat zum Thema kompetente Leute engagiert: CSR-Beauftragte von Daimler und K\u00e4rcher, Unternehmensberater, Pfarrer Reinhard Hauff, einen Betriebsratsvertreter, einen Brot f\u00fcr die Welt-Mitarbeiter, eine Umweltbeauftragte aus Pleidelsheim. Das Ganze war sehr kopflastig, was ja in Boll normal ist, besonders jedoch dabei wie immer die Pausengespr\u00e4che und das Essen, aber auch der\u00a0jazzige Abend im Caf\u00e9 Heuss (Reinhard am Klavier mit einem Bassisten). Und die Unterkunft und alles drum rum wunderbar. Das war wohl mein 15. Seminar dort. Ich komme immer wieder gerne hierher und genie\u00dfe den Aufenthalt. Auch wenn an der Akademie einiges im Argen ist. Mehr dazu in meiner Sendung mit dem Boller Personalrat Volker St\u00fccklen am 02.01.10 im FRS.<\/p>\n<p>Nun habe ich die Anzeigen-Akquise f\u00fcr den Modulator, dem Programmheft des Freien Radios f\u00fcr Stuttgart, \u00fcbernommen. Wenn du jemanden kennst, der hier werben kann und will, sprech ihn bitte an und teile mir dies mit. Ich freue mich \u00fcber jeden Hinweis in dieser Sache.<\/p>\n","protected":false},"excerpt":{"rendered":"<p>Freitag, 10. Juli\u00a0 Der Info-Stand des Freien Radio auf dem Marktplatz zum Sommerfestival der Kulturen hat wieder m\u00e4chtig Spa\u00df gemacht. Gespr\u00e4che mit alten Bekannten und neuen Gesichtern, auch der Austausch mit den anderen Sendungsmachenden war spannend. Das Wetter war gut, bis auf den Regengu\u00df am Freitag abend, der aber nach dem dritten St\u00fcck der ersten [&hellip;]<\/p>\n","protected":false},"author":2,"featured_media":0,"comment_status":"open","ping_status":"open","sticky":false,"template":"","format":"standard","meta":[],"categories":[40],"tags":[],"_links":{"self":[{"href":"https:\/\/www.amokfisch.de\/blog\/index.php?rest_route=\/wp\/v2\/posts\/368"}],"collection":[{"href":"https:\/\/www.amokfisch.de\/blog\/index.php?rest_route=\/wp\/v2\/posts"}],"about":[{"href":"https:\/\/www.amokfisch.de\/blog\/index.php?rest_route=\/wp\/v2\/types\/post"}],"author":[{"embeddable":true,"href":"https:\/\/www.amokfisch.de\/blog\/index.php?rest_route=\/wp\/v2\/users\/2"}],"replies":[{"embeddable":true,"href":"https:\/\/www.amokfisch.de\/blog\/index.php?rest_route=%2Fwp%2Fv2%2Fcomments&post=368"}],"version-history":[{"count":1,"href":"https:\/\/www.amokfisch.de\/blog\/index.php?rest_route=\/wp\/v2\/posts\/368\/revisions"}],"predecessor-version":[{"id":369,"href":"https:\/\/www.amokfisch.de\/blog\/index.php?rest_route=\/wp\/v2\/posts\/368\/revisions\/369"}],"wp:attachment":[{"href":"https:\/\/www.amokfisch.de\/blog\/index.php?rest_route=%2Fwp%2Fv2%2Fmedia&parent=368"}],"wp:term":[{"taxonomy":"category","embeddable":true,"href":"https:\/\/www.amokfisch.de\/blog\/index.php?rest_route=%2Fwp%2Fv2%2Fcategories&post=368"},{"taxonomy":"post_tag","embeddable":true,"href":"https:\/\/www.amokfisch.de\/blog\/index.php?rest_route=%2Fwp%2Fv2%2Ftags&post=368"}],"curies":[{"name":"wp","href":"https:\/\/api.w.org\/{rel}","templated":true}]}}