{"id":556,"date":"2010-01-17T20:50:51","date_gmt":"2010-01-17T18:50:51","guid":{"rendered":"http:\/\/www.amokfisch.de\/blog\/?p=556"},"modified":"2016-04-11T15:42:52","modified_gmt":"2016-04-11T13:42:52","slug":"kommentar-220110","status":"publish","type":"post","link":"https:\/\/www.amokfisch.de\/blog\/?p=556","title":{"rendered":"Kommentar 29.01.10"},"content":{"rendered":"<p>Rassismus<\/p>\n<p>Das Denken, die Menschen nach Rassen einzuteilen und sie nach ihrer Hautfarbe zu beurteilen, ist wider die Natur. In der Tierwelt gibt es sowas nicht, Kleinkinder kennen dies auch nicht. Rassismus ist eine europ\u00e4ische Erfindung und wurde im Zuge des Kolonialismus und der Sklaverei erfolgreich auf dem ganzen Planeten verbreitet (ebenso durch die blutige Mission der Christen und Moslems). Es gibt keine Wei\u00dfen und Schwarze, sondern nur Menschen unterschiedlicher Hautfarbe, die einzig und allein \u00fcber ihre Pers\u00f6nlichkeit und nicht \u00fcber ihr \u00c4u\u00dferes beurteilt werden sollen. Die Abstufung wei\u00dfer Mann (Gott), wei\u00dfe Frau, schwarzer Mann, schwarze Frau f\u00fchrt uns zur\u00fcck in die Steinzeit und hindert uns daran, die Probleme der Erde zu l\u00f6sen. Da\u00df ein Mulatte m\u00e4chtigster Mann der Welt ist, zeigt uns hier einen Ausweg, der von einer amerikanischen Pr\u00e4sidentin dunkelbrauner Hautfarbe gefolgt werden sollte. Der Begriff &#8222;Schwarzer Mann&#8220; ist nicht unbedingt rassistisch, aber ungl\u00fccklich. Wenn man schon in seinem Schubladendenken bleiben will, sollte man besser von Afrikanern oder Afroamerikanern sprechen. Ein &#8222;Wei\u00dfer&#8220; hat rosa Hautfarbe, ein &#8222;Schwarzer&#8220; braune Hautfarbe. Also ist der Kontrast nicht so gro\u00df, den man mit diesen Extremen konstruiert. Das N-Wort der Sklavenhalter in den Vereingten Staaten oder in unserem Land eingedeutscht und das K-Wort der Buren in S\u00fcdafrika, die die Apartheid erfanden und aus Holland stammten, ist zutiefst verletzend und mu\u00df aus dem Sprachschatz der L\u00e4nder verbannt werden. Nur wer noch im vergangenen Jahrhundert lebt, ben\u00fctzt diese rassistischen \u00c4u\u00dferungen. Sie passen nicht in unsere Gegenwart. Rassen und V\u00f6lker sind eine erb\u00e4rmliche Konstruktion, die alle 6 Milliarden Menschen vergewaltigen. Ein Inuit und ein Afrikaner k\u00f6nnen mehr gleiche Erbanlagen haben, als zwei Schwestern. Ein Afrikaner, der seine Kindheit in Guinea verbracht hat und dann 40 Jahre in Deutschland gelebt hat, ist ein Deutscher, auch wenn er f\u00fcr bildungsferne Menschen fremd aussieht! Fremd ist immer nur die Agression gegen das Fremde in uns selbst. Jeder Mensch mu\u00df ein Recht haben, dort auf unserer Erde zu leben, wo er will und seine Heimat ist dann eben an diesem Platz. Ohne Respekt vor dem Anderen kommen wir nicht weiter, mag dieser noch so komisch aussehen oder sich seltsam verhalten.<\/p>\n","protected":false},"excerpt":{"rendered":"<p>Rassismus Das Denken, die Menschen nach Rassen einzuteilen und sie nach ihrer Hautfarbe zu beurteilen, ist wider die Natur. In der Tierwelt gibt es sowas nicht, Kleinkinder kennen dies auch nicht. Rassismus ist eine europ\u00e4ische Erfindung und wurde im Zuge des Kolonialismus und der Sklaverei erfolgreich auf dem ganzen Planeten verbreitet (ebenso durch die blutige [&hellip;]<\/p>\n","protected":false},"author":2,"featured_media":0,"comment_status":"open","ping_status":"open","sticky":false,"template":"","format":"standard","meta":[],"categories":[13],"tags":[36,61,161],"_links":{"self":[{"href":"https:\/\/www.amokfisch.de\/blog\/index.php?rest_route=\/wp\/v2\/posts\/556"}],"collection":[{"href":"https:\/\/www.amokfisch.de\/blog\/index.php?rest_route=\/wp\/v2\/posts"}],"about":[{"href":"https:\/\/www.amokfisch.de\/blog\/index.php?rest_route=\/wp\/v2\/types\/post"}],"author":[{"embeddable":true,"href":"https:\/\/www.amokfisch.de\/blog\/index.php?rest_route=\/wp\/v2\/users\/2"}],"replies":[{"embeddable":true,"href":"https:\/\/www.amokfisch.de\/blog\/index.php?rest_route=%2Fwp%2Fv2%2Fcomments&post=556"}],"version-history":[{"count":5,"href":"https:\/\/www.amokfisch.de\/blog\/index.php?rest_route=\/wp\/v2\/posts\/556\/revisions"}],"predecessor-version":[{"id":2479,"href":"https:\/\/www.amokfisch.de\/blog\/index.php?rest_route=\/wp\/v2\/posts\/556\/revisions\/2479"}],"wp:attachment":[{"href":"https:\/\/www.amokfisch.de\/blog\/index.php?rest_route=%2Fwp%2Fv2%2Fmedia&parent=556"}],"wp:term":[{"taxonomy":"category","embeddable":true,"href":"https:\/\/www.amokfisch.de\/blog\/index.php?rest_route=%2Fwp%2Fv2%2Fcategories&post=556"},{"taxonomy":"post_tag","embeddable":true,"href":"https:\/\/www.amokfisch.de\/blog\/index.php?rest_route=%2Fwp%2Fv2%2Ftags&post=556"}],"curies":[{"name":"wp","href":"https:\/\/api.w.org\/{rel}","templated":true}]}}